{"id":19744,"date":"2021-01-12T16:37:51","date_gmt":"2021-01-12T16:37:51","guid":{"rendered":"https:\/\/blogdorogeriogomes.com.br\/?p=19744"},"modified":"2021-01-13T10:29:37","modified_gmt":"2021-01-13T10:29:37","slug":"adiamento-do-enem-e-negado-na-justica-e-primeira-prova-esta-mantida-para-o-proximo-domingo","status":"publish","type":"post","link":"https:\/\/blogdorogeriogomes.com.br\/noticias\/2021\/01\/adiamento-do-enem-e-negado-na-justica-e-primeira-prova-esta-mantida-para-o-proximo-domingo\/","title":{"rendered":"Adiamento do Enem \u00e9 negado na Justi\u00e7a e primeira prova est\u00e1 mantida para o pr\u00f3ximo domingo"},"content":{"rendered":"\n<p>A Justi\u00e7a Federal negou o pedido de adiamento do Exame Nacional do Ensino M\u00e9dio (Enem). Caso n\u00e3o haja nova mudan\u00e7a sobre a decis\u00e3o, a primeira prova ser\u00e1 realizada no pr\u00f3ximo domingo, dia 17 de janeiro.<\/p>\n\n\n\n<p>O adiamento foi pedido pela&nbsp;Defensoria P\u00fablica da Uni\u00e3o (DPU)&nbsp;na \u00faltima sexta-feira, dia 8, sob a justificativa do quadro de crise sanit\u00e1ria decorrente da pandemia de Covid-19. O Brasil passa por alta de casos e ultrapassou as 200 mil mortes pelo coronav\u00edrus. A DPU defende que n\u00e3o h\u00e1 seguran\u00e7a para os participantes do exame neste momento.<\/p>\n\n\n\n<p>A manuten\u00e7\u00e3o das datas ocorreu porque a Justi\u00e7a acatou o argumento da Advocacia-Geral da Uni\u00e3o (AGU) de que h\u00e1 orienta\u00e7\u00e3o sobre as medidas sanit\u00e1rias adotadas na realiza\u00e7\u00e3o do exame, e tamb\u00e9m que o adiamento&nbsp;pode acarretar consequ\u00eancias financeiras e amea\u00e7as \u00e0 forma\u00e7\u00e3o acad\u00eamica dos estudantes.&nbsp;<\/p>\n\n\n\n<p>O diretor de Avalia\u00e7\u00e3o da Educa\u00e7\u00e3o B\u00e1sica do Inep (Instituto Nacional de Estudos e Pesquisas Educacionais), general Carlos Roberto Pinto de Souza, 59, morreu nesta segunda-feira, dia 11, por complica\u00e7\u00f5es ap\u00f3s ter contra\u00eddo Covid-19. O \u00f3rg\u00e3o que ele dirigia \u00e9 respons\u00e1vel pela elabora\u00e7\u00e3o do Enem.<\/p>\n\n\n\n<figure class=\"wp-block-image size-large\"><img loading=\"lazy\" decoding=\"async\" width=\"725\" height=\"412\" src=\"https:\/\/blogdorogeriogomes.com.br\/wp-content\/uploads\/2021\/01\/images-2-2.jpeg\" alt=\"\" class=\"wp-image-19745\" srcset=\"https:\/\/blogdorogeriogomes.com.br\/noticias\/wp-content\/uploads\/2021\/01\/images-2-2.jpeg 725w, https:\/\/blogdorogeriogomes.com.br\/noticias\/wp-content\/uploads\/2021\/01\/images-2-2-300x170.jpeg 300w\" sizes=\"auto, (max-width: 725px) 100vw, 725px\" \/><\/figure>\n","protected":false},"excerpt":{"rendered":"<p>A Justi\u00e7a Federal negou o pedido de adiamento do Exame Nacional do Ensino M\u00e9dio (Enem). Caso n\u00e3o haja nova mudan\u00e7a sobre a decis\u00e3o, a primeira prova ser\u00e1 realizada no pr\u00f3ximo domingo, dia 17 de janeiro. O adiamento foi pedido pela&nbsp;Defensoria P\u00fablica da Uni\u00e3o (DPU)&nbsp;na \u00faltima sexta-feira, dia 8, sob a justificativa do quadro de crise sanit\u00e1ria decorrente da pandemia de Covid-19. O Brasil passa por alta de casos e ultrapassou as 200 mil mortes pelo coronav\u00edrus. A DPU defende&hellip;<\/p>\n","protected":false},"author":1,"featured_media":19745,"comment_status":"open","ping_status":"open","sticky":false,"template":"","format":"standard","meta":{"footnotes":""},"categories":[1],"tags":[],"class_list":["post-19744","post","type-post","status-publish","format-standard","has-post-thumbnail","hentry","category-noticias"],"_links":{"self":[{"href":"https:\/\/blogdorogeriogomes.com.br\/noticias\/wp-json\/wp\/v2\/posts\/19744","targetHints":{"allow":["GET"]}}],"collection":[{"href":"https:\/\/blogdorogeriogomes.com.br\/noticias\/wp-json\/wp\/v2\/posts"}],"about":[{"href":"https:\/\/blogdorogeriogomes.com.br\/noticias\/wp-json\/wp\/v2\/types\/post"}],"author":[{"embeddable":true,"href":"https:\/\/blogdorogeriogomes.com.br\/noticias\/wp-json\/wp\/v2\/users\/1"}],"replies":[{"embeddable":true,"href":"https:\/\/blogdorogeriogomes.com.br\/noticias\/wp-json\/wp\/v2\/comments?post=19744"}],"version-history":[{"count":2,"href":"https:\/\/blogdorogeriogomes.com.br\/noticias\/wp-json\/wp\/v2\/posts\/19744\/revisions"}],"predecessor-version":[{"id":19753,"href":"https:\/\/blogdorogeriogomes.com.br\/noticias\/wp-json\/wp\/v2\/posts\/19744\/revisions\/19753"}],"wp:featuredmedia":[{"embeddable":true,"href":"https:\/\/blogdorogeriogomes.com.br\/noticias\/wp-json\/wp\/v2\/media\/19745"}],"wp:attachment":[{"href":"https:\/\/blogdorogeriogomes.com.br\/noticias\/wp-json\/wp\/v2\/media?parent=19744"}],"wp:term":[{"taxonomy":"category","embeddable":true,"href":"https:\/\/blogdorogeriogomes.com.br\/noticias\/wp-json\/wp\/v2\/categories?post=19744"},{"taxonomy":"post_tag","embeddable":true,"href":"https:\/\/blogdorogeriogomes.com.br\/noticias\/wp-json\/wp\/v2\/tags?post=19744"}],"curies":[{"name":"wp","href":"https:\/\/api.w.org\/{rel}","templated":true}]}}