{"id":19747,"date":"2021-01-12T17:13:33","date_gmt":"2021-01-12T17:13:33","guid":{"rendered":"https:\/\/blogdorogeriogomes.com.br\/?p=19747"},"modified":"2021-01-13T10:29:13","modified_gmt":"2021-01-13T10:29:13","slug":"sem-data-e-nem-plano-a-apresentar-ministro-da-saude-adia-reuniao-com-governadores-e-aumenta-tensao-pela-indefinicao-da-vacina-contra-covid-19","status":"publish","type":"post","link":"https:\/\/blogdorogeriogomes.com.br\/noticias\/2021\/01\/sem-data-e-nem-plano-a-apresentar-ministro-da-saude-adia-reuniao-com-governadores-e-aumenta-tensao-pela-indefinicao-da-vacina-contra-covid-19\/","title":{"rendered":"Sem data e nem plano a apresentar, Ministro da Sa\u00fade adia reuni\u00e3o com governadores e aumenta tens\u00e3o pela indefini\u00e7\u00e3o da vacina contra Covid-19"},"content":{"rendered":"\n<p>Em meio ao cen\u00e1rio de indefini\u00e7\u00e3o da data para o in\u00edcio da vacina\u00e7\u00e3o contra Covid-19 no Brasil, o ministro da Sa\u00fade, Eduardo Pazuello, adiou a reuni\u00e3o com os governadores prevista para esta ter\u00e7a-feira, dia 12 de janeiro. O encontro seria por v\u00eddeo-confer\u00eancia e discutiria o cronograma do Plano Nacional de Imuniza\u00e7\u00e3o contra a Covid-19. A reuni\u00e3o deve ficar para a pr\u00f3xima ter\u00e7a-feira, dia 19.<\/p>\n\n\n\n<p>Segundo o governador do Piau\u00ed e coordenador de discuss\u00f5es sobre a vacina do F\u00f3rum Nacional de Governadores, Wellington Dias (PT), o adiamento ocorre pela impossibilidade do governo federal definir o in\u00edcio da imuniza\u00e7\u00e3o. O F\u00f3rum dos Governadores se manifestou reafirmando a cobran\u00e7a urgente de que se acerte a data para a disponibiliza\u00e7\u00e3o de vacina a todos os estados da federac\u00e3o. <\/p>\n\n\n\n<p>Na \u00faltima segunda-feira, Pazuello virou motivo de piada nas redes sociais ao afirmar que o Minist\u00e9rio da Sa\u00fade iniciar\u00e1 a vacina\u00e7\u00e3o na &#8220;Hora H&#8221; e no &#8220;Dia D&#8221; em todo o Brasil. O pa\u00eds chegou a 203.580 mortes pelo novo coronav\u00edrus nas \u00faltimas 24 horas.<\/p>\n\n\n\n<p>Enquanto isso, nesta ter\u00e7a-feira, dia 12, o Instituto Butantan confirmou que a vacina CoronaVac registrou 50,38% de efic\u00e1cia global nos testes realizados no Brasil. O \u00edndice aponta a capacidade da vacina de proteger em todos os casos, sejam eles leves, moderados ou graves. O n\u00famero m\u00ednimo recomendado pela Organiza\u00e7\u00e3o Mundial da Sa\u00fade (OMS) e tamb\u00e9m pela Ag\u00eancia Nacional de Vigil\u00e2ncia Sanit\u00e1ria (Anvisa) \u00e9 de 50%.<\/p>\n\n\n\n<figure class=\"wp-block-image size-large\"><img loading=\"lazy\" decoding=\"async\" width=\"678\" height=\"452\" src=\"https:\/\/blogdorogeriogomes.com.br\/wp-content\/uploads\/2021\/01\/images-3-2.jpeg\" alt=\"\" class=\"wp-image-19748\" srcset=\"https:\/\/blogdorogeriogomes.com.br\/noticias\/wp-content\/uploads\/2021\/01\/images-3-2.jpeg 678w, https:\/\/blogdorogeriogomes.com.br\/noticias\/wp-content\/uploads\/2021\/01\/images-3-2-300x200.jpeg 300w\" sizes=\"auto, (max-width: 678px) 100vw, 678px\" \/><\/figure>\n","protected":false},"excerpt":{"rendered":"<p>Em meio ao cen\u00e1rio de indefini\u00e7\u00e3o da data para o in\u00edcio da vacina\u00e7\u00e3o contra Covid-19 no Brasil, o ministro da Sa\u00fade, Eduardo Pazuello, adiou a reuni\u00e3o com os governadores prevista para esta ter\u00e7a-feira, dia 12 de janeiro. O encontro seria por v\u00eddeo-confer\u00eancia e discutiria o cronograma do Plano Nacional de Imuniza\u00e7\u00e3o contra a Covid-19. A reuni\u00e3o deve ficar para a pr\u00f3xima ter\u00e7a-feira, dia 19. Segundo o governador do Piau\u00ed e coordenador de discuss\u00f5es sobre a vacina do F\u00f3rum Nacional&hellip;<\/p>\n","protected":false},"author":1,"featured_media":19748,"comment_status":"open","ping_status":"open","sticky":false,"template":"","format":"standard","meta":{"footnotes":""},"categories":[1],"tags":[],"class_list":["post-19747","post","type-post","status-publish","format-standard","has-post-thumbnail","hentry","category-noticias"],"_links":{"self":[{"href":"https:\/\/blogdorogeriogomes.com.br\/noticias\/wp-json\/wp\/v2\/posts\/19747","targetHints":{"allow":["GET"]}}],"collection":[{"href":"https:\/\/blogdorogeriogomes.com.br\/noticias\/wp-json\/wp\/v2\/posts"}],"about":[{"href":"https:\/\/blogdorogeriogomes.com.br\/noticias\/wp-json\/wp\/v2\/types\/post"}],"author":[{"embeddable":true,"href":"https:\/\/blogdorogeriogomes.com.br\/noticias\/wp-json\/wp\/v2\/users\/1"}],"replies":[{"embeddable":true,"href":"https:\/\/blogdorogeriogomes.com.br\/noticias\/wp-json\/wp\/v2\/comments?post=19747"}],"version-history":[{"count":1,"href":"https:\/\/blogdorogeriogomes.com.br\/noticias\/wp-json\/wp\/v2\/posts\/19747\/revisions"}],"predecessor-version":[{"id":19749,"href":"https:\/\/blogdorogeriogomes.com.br\/noticias\/wp-json\/wp\/v2\/posts\/19747\/revisions\/19749"}],"wp:featuredmedia":[{"embeddable":true,"href":"https:\/\/blogdorogeriogomes.com.br\/noticias\/wp-json\/wp\/v2\/media\/19748"}],"wp:attachment":[{"href":"https:\/\/blogdorogeriogomes.com.br\/noticias\/wp-json\/wp\/v2\/media?parent=19747"}],"wp:term":[{"taxonomy":"category","embeddable":true,"href":"https:\/\/blogdorogeriogomes.com.br\/noticias\/wp-json\/wp\/v2\/categories?post=19747"},{"taxonomy":"post_tag","embeddable":true,"href":"https:\/\/blogdorogeriogomes.com.br\/noticias\/wp-json\/wp\/v2\/tags?post=19747"}],"curies":[{"name":"wp","href":"https:\/\/api.w.org\/{rel}","templated":true}]}}