{"id":19750,"date":"2021-01-13T10:20:55","date_gmt":"2021-01-13T10:20:55","guid":{"rendered":"https:\/\/blogdorogeriogomes.com.br\/?p=19750"},"modified":"2021-01-13T10:28:43","modified_gmt":"2021-01-13T10:28:43","slug":"camilo-santana-reune-prefeitos-e-lanca-programa-cuidar-melhor","status":"publish","type":"post","link":"https:\/\/blogdorogeriogomes.com.br\/noticias\/2021\/01\/camilo-santana-reune-prefeitos-e-lanca-programa-cuidar-melhor\/","title":{"rendered":"Camilo Santana re\u00fane prefeitos e lan\u00e7a Programa Cuidar Melhor"},"content":{"rendered":"\n<p>Com o objetivo de reduzir a mortalidade infantil e mortes por AVC, Infarto e acidentes de tr\u00e2nsito envolvendo motocicletas, o Governo do Cear\u00e1 lan\u00e7ou nesta ter\u00e7a-feira, dia 12 de janeiro, o Programa Cuidar Melhor, iniciativa pioneira no pa\u00eds que vai ampliar a distribui\u00e7\u00e3o de recursos oriundos do ICMS (Imposto sobre Circula\u00e7\u00e3o de Mercadorias e Servi\u00e7os) aos munic\u00edpios de R$ 175 milh\u00f5es para R$ 525 milh\u00f5es por ano, a partir de 2022. A apresenta\u00e7\u00e3o do programa foi feita pelo governador Camilo Santana e o secret\u00e1rio da Sa\u00fade, Dr. Cabeto, atrav\u00e9s de transmiss\u00e3o pelas redes sociais.<\/p>\n\n\n\n<p>Na oportunidade, Camilo Santana tamb\u00e9m se reuniu virtualmente com 130 dos 184 prefeitos cearenses. No encontro foi tratado que os munic\u00edpios comecem a se preparar para o retorno presencial e virtual das aulas nas escolas. Ainda n\u00e3o h\u00e1 data definida para a volta. Tamb\u00e9m foi conversado sobre a vacina\u00e7\u00e3o da Covid-19. O Governo do Cear\u00e1 aguarda a aprova\u00e7\u00e3o da CoronaVac pela Anvisa para que as primeiras doses cheguem ao Estado em fevereiro.<\/p>\n\n\n\n<figure class=\"wp-block-image size-large\"><img loading=\"lazy\" decoding=\"async\" width=\"1024\" height=\"683\" src=\"https:\/\/blogdorogeriogomes.com.br\/wp-content\/uploads\/2021\/01\/210112_PROGRAMA-CUIDAR-MELHOR_CGM2024-1-1200x800-1-1024x683.jpg\" alt=\"\" class=\"wp-image-19751\" srcset=\"https:\/\/blogdorogeriogomes.com.br\/noticias\/wp-content\/uploads\/2021\/01\/210112_PROGRAMA-CUIDAR-MELHOR_CGM2024-1-1200x800-1-1024x683.jpg 1024w, https:\/\/blogdorogeriogomes.com.br\/noticias\/wp-content\/uploads\/2021\/01\/210112_PROGRAMA-CUIDAR-MELHOR_CGM2024-1-1200x800-1-300x200.jpg 300w, https:\/\/blogdorogeriogomes.com.br\/noticias\/wp-content\/uploads\/2021\/01\/210112_PROGRAMA-CUIDAR-MELHOR_CGM2024-1-1200x800-1-768x512.jpg 768w, https:\/\/blogdorogeriogomes.com.br\/noticias\/wp-content\/uploads\/2021\/01\/210112_PROGRAMA-CUIDAR-MELHOR_CGM2024-1-1200x800-1-800x533.jpg 800w, https:\/\/blogdorogeriogomes.com.br\/noticias\/wp-content\/uploads\/2021\/01\/210112_PROGRAMA-CUIDAR-MELHOR_CGM2024-1-1200x800-1.jpg 1200w\" sizes=\"auto, (max-width: 1024px) 100vw, 1024px\" \/><\/figure>\n","protected":false},"excerpt":{"rendered":"<p>Com o objetivo de reduzir a mortalidade infantil e mortes por AVC, Infarto e acidentes de tr\u00e2nsito envolvendo motocicletas, o Governo do Cear\u00e1 lan\u00e7ou nesta ter\u00e7a-feira, dia 12 de janeiro, o Programa Cuidar Melhor, iniciativa pioneira no pa\u00eds que vai ampliar a distribui\u00e7\u00e3o de recursos oriundos do ICMS (Imposto sobre Circula\u00e7\u00e3o de Mercadorias e Servi\u00e7os) aos munic\u00edpios de R$ 175 milh\u00f5es para R$ 525 milh\u00f5es por ano, a partir de 2022. A apresenta\u00e7\u00e3o do programa foi feita pelo governador&hellip;<\/p>\n","protected":false},"author":1,"featured_media":19751,"comment_status":"open","ping_status":"open","sticky":false,"template":"","format":"standard","meta":{"footnotes":""},"categories":[1],"tags":[],"class_list":["post-19750","post","type-post","status-publish","format-standard","has-post-thumbnail","hentry","category-noticias"],"_links":{"self":[{"href":"https:\/\/blogdorogeriogomes.com.br\/noticias\/wp-json\/wp\/v2\/posts\/19750","targetHints":{"allow":["GET"]}}],"collection":[{"href":"https:\/\/blogdorogeriogomes.com.br\/noticias\/wp-json\/wp\/v2\/posts"}],"about":[{"href":"https:\/\/blogdorogeriogomes.com.br\/noticias\/wp-json\/wp\/v2\/types\/post"}],"author":[{"embeddable":true,"href":"https:\/\/blogdorogeriogomes.com.br\/noticias\/wp-json\/wp\/v2\/users\/1"}],"replies":[{"embeddable":true,"href":"https:\/\/blogdorogeriogomes.com.br\/noticias\/wp-json\/wp\/v2\/comments?post=19750"}],"version-history":[{"count":1,"href":"https:\/\/blogdorogeriogomes.com.br\/noticias\/wp-json\/wp\/v2\/posts\/19750\/revisions"}],"predecessor-version":[{"id":19752,"href":"https:\/\/blogdorogeriogomes.com.br\/noticias\/wp-json\/wp\/v2\/posts\/19750\/revisions\/19752"}],"wp:featuredmedia":[{"embeddable":true,"href":"https:\/\/blogdorogeriogomes.com.br\/noticias\/wp-json\/wp\/v2\/media\/19751"}],"wp:attachment":[{"href":"https:\/\/blogdorogeriogomes.com.br\/noticias\/wp-json\/wp\/v2\/media?parent=19750"}],"wp:term":[{"taxonomy":"category","embeddable":true,"href":"https:\/\/blogdorogeriogomes.com.br\/noticias\/wp-json\/wp\/v2\/categories?post=19750"},{"taxonomy":"post_tag","embeddable":true,"href":"https:\/\/blogdorogeriogomes.com.br\/noticias\/wp-json\/wp\/v2\/tags?post=19750"}],"curies":[{"name":"wp","href":"https:\/\/api.w.org\/{rel}","templated":true}]}}