{"id":19754,"date":"2021-01-13T10:45:51","date_gmt":"2021-01-13T10:45:51","guid":{"rendered":"https:\/\/blogdorogeriogomes.com.br\/?p=19754"},"modified":"2021-01-14T11:20:40","modified_gmt":"2021-01-14T11:20:40","slug":"enquanto-anvisa-promete-dar-parecer-de-vacinas-no-domingo-ministerio-da-saude-quer-empurrar-a-cloroquina-nos-estados","status":"publish","type":"post","link":"https:\/\/blogdorogeriogomes.com.br\/noticias\/2021\/01\/enquanto-anvisa-promete-dar-parecer-de-vacinas-no-domingo-ministerio-da-saude-quer-empurrar-a-cloroquina-nos-estados\/","title":{"rendered":"Enquanto Anvisa promete dar parecer de vacinas no domingo, Minist\u00e9rio da Sa\u00fade quer &#8220;empurrar&#8221; a cloroquina nos estados"},"content":{"rendered":"\n<p>A Ag\u00eancia Nacional de Vigil\u00e2ncia Sanit\u00e1ria (Anvisa) confirmou que est\u00e1 prevista para o pr\u00f3ximo domingo, dia 17 de janeiro, a reuni\u00e3o de sua Diretoria Colegiada que decidir\u00e1 sobre pedidos de autoriza\u00e7\u00e3o para uso emergencial, tempor\u00e1rio e experimental das vacinas do Instituto Butantan e da Funda\u00e7\u00e3o Oswaldo Cruz (Fiocruz) contra a Covid-19. A data \u00e9 o pen\u00faltimo dia do prazo estabelecido pela pr\u00f3pria ag\u00eancia como meta para an\u00e1lise dos pedidos.<\/p>\n\n\n\n<p>O Minist\u00e9rio da Sa\u00fade, que deveria estar se preocupando com o plano de vacina\u00e7\u00e3o do Pa\u00eds, resolveu pressionar o Governo do Amazonas, que passa por um crescimento desenfreado de casos da Covid-19, a utilizar os estoques de cloroquina do Minist\u00e9rio como forma preventiva da doen\u00e7a. Especialistas de todo o mundo j\u00e1 afirmaram que o rem\u00e9dio n\u00e3o tem qualquer efic\u00e1cia, por\u00e9m o Governo Bolsonaro insiste em &#8220;receitar&#8221; o medicamento que pode trazer at\u00e9 complica\u00e7\u00f5es ao paciente.<\/p>\n\n\n\n<p>Secret\u00e1rios estaduais de Sa\u00fade reagiram com espanto ao of\u00edcio enviado pelo Minist\u00e9rio da Sa\u00fade do governo Jair Bolsonaro para a Prefeitura de Manaus, pressionando-a a distribuir rem\u00e9dios sem efic\u00e1cia comprovada contra a Covid-19 e classificaram o documento como &#8220;esdr\u00faxulo&#8221; e &#8220;loucura&#8221;. Enquanto o mundo discute a vacina, o Brasil fala em rem\u00e9dios que n\u00e3o funcionam.<\/p>\n\n\n\n<figure class=\"wp-block-image size-large\"><img loading=\"lazy\" decoding=\"async\" width=\"640\" height=\"479\" src=\"https:\/\/blogdorogeriogomes.com.br\/wp-content\/uploads\/2021\/01\/images-4-2.jpeg\" alt=\"\" class=\"wp-image-19755\" srcset=\"https:\/\/blogdorogeriogomes.com.br\/noticias\/wp-content\/uploads\/2021\/01\/images-4-2.jpeg 640w, https:\/\/blogdorogeriogomes.com.br\/noticias\/wp-content\/uploads\/2021\/01\/images-4-2-300x225.jpeg 300w, https:\/\/blogdorogeriogomes.com.br\/noticias\/wp-content\/uploads\/2021\/01\/images-4-2-400x300.jpeg 400w\" sizes=\"auto, (max-width: 640px) 100vw, 640px\" \/><\/figure>\n","protected":false},"excerpt":{"rendered":"<p>A Ag\u00eancia Nacional de Vigil\u00e2ncia Sanit\u00e1ria (Anvisa) confirmou que est\u00e1 prevista para o pr\u00f3ximo domingo, dia 17 de janeiro, a reuni\u00e3o de sua Diretoria Colegiada que decidir\u00e1 sobre pedidos de autoriza\u00e7\u00e3o para uso emergencial, tempor\u00e1rio e experimental das vacinas do Instituto Butantan e da Funda\u00e7\u00e3o Oswaldo Cruz (Fiocruz) contra a Covid-19. A data \u00e9 o pen\u00faltimo dia do prazo estabelecido pela pr\u00f3pria ag\u00eancia como meta para an\u00e1lise dos pedidos. O Minist\u00e9rio da Sa\u00fade, que deveria estar se preocupando com&hellip;<\/p>\n","protected":false},"author":1,"featured_media":19732,"comment_status":"open","ping_status":"open","sticky":false,"template":"","format":"standard","meta":{"footnotes":""},"categories":[1],"tags":[],"class_list":["post-19754","post","type-post","status-publish","format-standard","has-post-thumbnail","hentry","category-noticias"],"_links":{"self":[{"href":"https:\/\/blogdorogeriogomes.com.br\/noticias\/wp-json\/wp\/v2\/posts\/19754","targetHints":{"allow":["GET"]}}],"collection":[{"href":"https:\/\/blogdorogeriogomes.com.br\/noticias\/wp-json\/wp\/v2\/posts"}],"about":[{"href":"https:\/\/blogdorogeriogomes.com.br\/noticias\/wp-json\/wp\/v2\/types\/post"}],"author":[{"embeddable":true,"href":"https:\/\/blogdorogeriogomes.com.br\/noticias\/wp-json\/wp\/v2\/users\/1"}],"replies":[{"embeddable":true,"href":"https:\/\/blogdorogeriogomes.com.br\/noticias\/wp-json\/wp\/v2\/comments?post=19754"}],"version-history":[{"count":1,"href":"https:\/\/blogdorogeriogomes.com.br\/noticias\/wp-json\/wp\/v2\/posts\/19754\/revisions"}],"predecessor-version":[{"id":19756,"href":"https:\/\/blogdorogeriogomes.com.br\/noticias\/wp-json\/wp\/v2\/posts\/19754\/revisions\/19756"}],"wp:featuredmedia":[{"embeddable":true,"href":"https:\/\/blogdorogeriogomes.com.br\/noticias\/wp-json\/wp\/v2\/media\/19732"}],"wp:attachment":[{"href":"https:\/\/blogdorogeriogomes.com.br\/noticias\/wp-json\/wp\/v2\/media?parent=19754"}],"wp:term":[{"taxonomy":"category","embeddable":true,"href":"https:\/\/blogdorogeriogomes.com.br\/noticias\/wp-json\/wp\/v2\/categories?post=19754"},{"taxonomy":"post_tag","embeddable":true,"href":"https:\/\/blogdorogeriogomes.com.br\/noticias\/wp-json\/wp\/v2\/tags?post=19754"}],"curies":[{"name":"wp","href":"https:\/\/api.w.org\/{rel}","templated":true}]}}