{"id":19757,"date":"2021-01-13T18:37:53","date_gmt":"2021-01-13T18:37:53","guid":{"rendered":"https:\/\/blogdorogeriogomes.com.br\/?p=19757"},"modified":"2021-01-14T11:20:20","modified_gmt":"2021-01-14T11:20:20","slug":"prazo-para-justificar-ausencia-nas-eleicoes-termina-nesta-quinta-feira-no-ceara-apenas-24-dos-eleitores-realizaram-o-procedimento","status":"publish","type":"post","link":"https:\/\/blogdorogeriogomes.com.br\/noticias\/2021\/01\/prazo-para-justificar-ausencia-nas-eleicoes-termina-nesta-quinta-feira-no-ceara-apenas-24-dos-eleitores-realizaram-o-procedimento\/","title":{"rendered":"Prazo para justificar aus\u00eancia nas elei\u00e7\u00f5es termina nesta quinta-feira. No Cear\u00e1, apenas 24% dos eleitores realizaram o procedimento"},"content":{"rendered":"\n<p>O Tribunal Superior Eleitoral (TSE) alerta que termina nesta quinta-feira, dia 14 de janeiro, o prazo para os eleitores que n\u00e3o compareceram ao dia de vota\u00e7\u00e3o no primeiro turno justificarem suas aus\u00eancias no pleito.<\/p>\n\n\n\n<p>At\u00e9 a v\u00e9spera da data, segundo o Tribunal Regional Eleitoral do Cear\u00e1 (TRE-CE), cerca de 268 mil pessoas realizaram o procedimento no Cear\u00e1, apenas 24% de 1.112.211 absten\u00e7\u00f5es registradas pelo \u00f3rg\u00e3o.<\/p>\n\n\n\n<p>Para justificar a falta nas elei\u00e7\u00f5es, os eleitores podem usar o aplicativo do E-t\u00edtulo ou o Sistema Justifica, no pr\u00f3prio site do TSE.<\/p>\n\n\n\n<p>Aqueles que n\u00e3o justificarem o voto, conforme aponta o 1\u00ba do art. 7\u00ba do C\u00f3digo Eleitoral &#8211; Lei n\u00ba 4.737, de 1965, n\u00e3o poder\u00e3o: obter passaporte ou carteira de identidade, concorrer a concursos, receber sal\u00e1rio de servidor p\u00fablico, renovar matr\u00edcula em estabelecimento de ensino oficial ou fiscalizado pelo governo, obter empr\u00e9stimos estaduais ou federais, praticar qualquer ato que exija quita\u00e7\u00e3o do servi\u00e7o militar ou de imposto de renda, e obter certid\u00e3o de quita\u00e7\u00e3o eleitoral ou qualquer documento perante reparti\u00e7\u00f5es diplom\u00e1ticas a que estiver subordinado.<\/p>\n\n\n\n<figure class=\"wp-block-image size-large\"><img loading=\"lazy\" decoding=\"async\" width=\"739\" height=\"415\" src=\"https:\/\/blogdorogeriogomes.com.br\/wp-content\/uploads\/2021\/01\/images-5-2.jpeg\" alt=\"\" class=\"wp-image-19758\" srcset=\"https:\/\/blogdorogeriogomes.com.br\/noticias\/wp-content\/uploads\/2021\/01\/images-5-2.jpeg 739w, https:\/\/blogdorogeriogomes.com.br\/noticias\/wp-content\/uploads\/2021\/01\/images-5-2-300x168.jpeg 300w\" sizes=\"auto, (max-width: 739px) 100vw, 739px\" \/><\/figure>\n","protected":false},"excerpt":{"rendered":"<p>O Tribunal Superior Eleitoral (TSE) alerta que termina nesta quinta-feira, dia 14 de janeiro, o prazo para os eleitores que n\u00e3o compareceram ao dia de vota\u00e7\u00e3o no primeiro turno justificarem suas aus\u00eancias no pleito. At\u00e9 a v\u00e9spera da data, segundo o Tribunal Regional Eleitoral do Cear\u00e1 (TRE-CE), cerca de 268 mil pessoas realizaram o procedimento no Cear\u00e1, apenas 24% de 1.112.211 absten\u00e7\u00f5es registradas pelo \u00f3rg\u00e3o. Para justificar a falta nas elei\u00e7\u00f5es, os eleitores podem usar o aplicativo do E-t\u00edtulo&hellip;<\/p>\n","protected":false},"author":1,"featured_media":19758,"comment_status":"open","ping_status":"open","sticky":false,"template":"","format":"standard","meta":{"footnotes":""},"categories":[1],"tags":[],"class_list":["post-19757","post","type-post","status-publish","format-standard","has-post-thumbnail","hentry","category-noticias"],"_links":{"self":[{"href":"https:\/\/blogdorogeriogomes.com.br\/noticias\/wp-json\/wp\/v2\/posts\/19757","targetHints":{"allow":["GET"]}}],"collection":[{"href":"https:\/\/blogdorogeriogomes.com.br\/noticias\/wp-json\/wp\/v2\/posts"}],"about":[{"href":"https:\/\/blogdorogeriogomes.com.br\/noticias\/wp-json\/wp\/v2\/types\/post"}],"author":[{"embeddable":true,"href":"https:\/\/blogdorogeriogomes.com.br\/noticias\/wp-json\/wp\/v2\/users\/1"}],"replies":[{"embeddable":true,"href":"https:\/\/blogdorogeriogomes.com.br\/noticias\/wp-json\/wp\/v2\/comments?post=19757"}],"version-history":[{"count":1,"href":"https:\/\/blogdorogeriogomes.com.br\/noticias\/wp-json\/wp\/v2\/posts\/19757\/revisions"}],"predecessor-version":[{"id":19759,"href":"https:\/\/blogdorogeriogomes.com.br\/noticias\/wp-json\/wp\/v2\/posts\/19757\/revisions\/19759"}],"wp:featuredmedia":[{"embeddable":true,"href":"https:\/\/blogdorogeriogomes.com.br\/noticias\/wp-json\/wp\/v2\/media\/19758"}],"wp:attachment":[{"href":"https:\/\/blogdorogeriogomes.com.br\/noticias\/wp-json\/wp\/v2\/media?parent=19757"}],"wp:term":[{"taxonomy":"category","embeddable":true,"href":"https:\/\/blogdorogeriogomes.com.br\/noticias\/wp-json\/wp\/v2\/categories?post=19757"},{"taxonomy":"post_tag","embeddable":true,"href":"https:\/\/blogdorogeriogomes.com.br\/noticias\/wp-json\/wp\/v2\/tags?post=19757"}],"curies":[{"name":"wp","href":"https:\/\/api.w.org\/{rel}","templated":true}]}}