{"id":19763,"date":"2021-01-13T22:47:03","date_gmt":"2021-01-13T22:47:03","guid":{"rendered":"https:\/\/blogdorogeriogomes.com.br\/?p=19763"},"modified":"2021-01-14T11:19:59","modified_gmt":"2021-01-14T11:19:59","slug":"apos-reuniao-com-camilo-santana-e-bancada-de-deputados-cearenses-baleia-rossi-aponta-que-impeachment-e-constitucional-e-nao-esta-descartado","status":"publish","type":"post","link":"https:\/\/blogdorogeriogomes.com.br\/noticias\/2021\/01\/apos-reuniao-com-camilo-santana-e-bancada-de-deputados-cearenses-baleia-rossi-aponta-que-impeachment-e-constitucional-e-nao-esta-descartado\/","title":{"rendered":"Ap\u00f3s reuni\u00e3o com Camilo Santana e bancada de deputados cearenses, Baleia Rossi aponta que impeachment \u00e9 constitucional e n\u00e3o est\u00e1 descartado"},"content":{"rendered":"\n<p>O governador Camilo Santana (PT) recebeu no Pal\u00e1cio da Aboli\u00e7\u00e3o, na tarde desta quarta-feira, dia 13 de janeiro, o deputado federal e candidato \u00e0 presid\u00eancia da C\u00e2mara dos Deputados, Baleia Rossi (MDB), para reuni\u00e3o junto a membros da bancada cearense em Bras\u00edlia e o atual presidente da Casa, Rodrigo Maia (DEM). O encontro teve por objetivo alinhar o apoio ao nome que se op\u00f5e \u00e0 candidatura capitaneada pelo parlamentar bolsonarista, Arthur Lira (PP).<\/p>\n\n\n\n<p>Em entrevista ap\u00f3s a reuni\u00e3o fechada, Baleia Rossi foi questionado sobre a possibilidade da abertura de processo de impeachment contra o presidente Jair Bolsonaro. O deputado refor\u00e7ou que o impeachment &#8220;est\u00e1 na Constitui\u00e7\u00e3o e n\u00e3o podemos abrir m\u00e3o de nenhuma prerrogativa&#8221;. \u201cTodos os instrumentos de defesa da democracia precisam ser respeitados. Vamos agir de acordo com o que a Constitui\u00e7\u00e3o prev\u00ea\u201d,&nbsp;completou.<\/p>\n\n\n\n<p>Rodrigo Maia aproveitou a ocasi\u00e3o para destacar a import\u00e2ncia do apoio de Camilo Santana na articula\u00e7\u00e3o de for\u00e7as no campo progressista e de oposi\u00e7\u00e3o ao grupo apoiador do atual governo federal. Maia disse tamb\u00e9m que buscar\u00e1 alian\u00e7a com Camilo para 2022. Somos de partidos que, em tese, estar\u00e3o separados no 1\u00b0 turno de 2022, mas, no 2\u00b0 turno, n\u00e3o tenho d\u00favidas de que estaremos juntos. Se conseguirmos no primeiro, melhor ainda\u201d.<\/p>\n\n\n\n<p>Entre os participantes da reuni\u00e3o estiveram o senador Cid Gomes (PDT) e os deputados federais Jos\u00e9 Guimar\u00e3es (PT), Moses Rodrigues (MDB), Eduardo Bismarck (PDT) e Pedro Bezerra (PTB).<\/p>\n\n\n\n<p>Opositor de Rossi, Arthur Lira realiza visita a Fortaleza na tarde desta quinta-feira, dia 14, em encontro com partidos aliados organizada pelo PP.<\/p>\n\n\n\n<figure class=\"wp-block-image size-large\"><img loading=\"lazy\" decoding=\"async\" width=\"1024\" height=\"682\" src=\"https:\/\/blogdorogeriogomes.com.br\/wp-content\/uploads\/2021\/01\/WhatsApp-Image-2021-01-13-at-17.24.46-1024x682-1.jpeg\" alt=\"\" class=\"wp-image-19764\" srcset=\"https:\/\/blogdorogeriogomes.com.br\/noticias\/wp-content\/uploads\/2021\/01\/WhatsApp-Image-2021-01-13-at-17.24.46-1024x682-1.jpeg 1024w, https:\/\/blogdorogeriogomes.com.br\/noticias\/wp-content\/uploads\/2021\/01\/WhatsApp-Image-2021-01-13-at-17.24.46-1024x682-1-300x200.jpeg 300w, https:\/\/blogdorogeriogomes.com.br\/noticias\/wp-content\/uploads\/2021\/01\/WhatsApp-Image-2021-01-13-at-17.24.46-1024x682-1-768x512.jpeg 768w, https:\/\/blogdorogeriogomes.com.br\/noticias\/wp-content\/uploads\/2021\/01\/WhatsApp-Image-2021-01-13-at-17.24.46-1024x682-1-800x533.jpeg 800w\" sizes=\"auto, (max-width: 1024px) 100vw, 1024px\" \/><\/figure>\n","protected":false},"excerpt":{"rendered":"<p>O governador Camilo Santana (PT) recebeu no Pal\u00e1cio da Aboli\u00e7\u00e3o, na tarde desta quarta-feira, dia 13 de janeiro, o deputado federal e candidato \u00e0 presid\u00eancia da C\u00e2mara dos Deputados, Baleia Rossi (MDB), para reuni\u00e3o junto a membros da bancada cearense em Bras\u00edlia e o atual presidente da Casa, Rodrigo Maia (DEM). O encontro teve por objetivo alinhar o apoio ao nome que se op\u00f5e \u00e0 candidatura capitaneada pelo parlamentar bolsonarista, Arthur Lira (PP). Em entrevista ap\u00f3s a reuni\u00e3o fechada,&hellip;<\/p>\n","protected":false},"author":1,"featured_media":19764,"comment_status":"open","ping_status":"open","sticky":false,"template":"","format":"standard","meta":{"footnotes":""},"categories":[1],"tags":[],"class_list":["post-19763","post","type-post","status-publish","format-standard","has-post-thumbnail","hentry","category-noticias"],"_links":{"self":[{"href":"https:\/\/blogdorogeriogomes.com.br\/noticias\/wp-json\/wp\/v2\/posts\/19763","targetHints":{"allow":["GET"]}}],"collection":[{"href":"https:\/\/blogdorogeriogomes.com.br\/noticias\/wp-json\/wp\/v2\/posts"}],"about":[{"href":"https:\/\/blogdorogeriogomes.com.br\/noticias\/wp-json\/wp\/v2\/types\/post"}],"author":[{"embeddable":true,"href":"https:\/\/blogdorogeriogomes.com.br\/noticias\/wp-json\/wp\/v2\/users\/1"}],"replies":[{"embeddable":true,"href":"https:\/\/blogdorogeriogomes.com.br\/noticias\/wp-json\/wp\/v2\/comments?post=19763"}],"version-history":[{"count":1,"href":"https:\/\/blogdorogeriogomes.com.br\/noticias\/wp-json\/wp\/v2\/posts\/19763\/revisions"}],"predecessor-version":[{"id":19765,"href":"https:\/\/blogdorogeriogomes.com.br\/noticias\/wp-json\/wp\/v2\/posts\/19763\/revisions\/19765"}],"wp:featuredmedia":[{"embeddable":true,"href":"https:\/\/blogdorogeriogomes.com.br\/noticias\/wp-json\/wp\/v2\/media\/19764"}],"wp:attachment":[{"href":"https:\/\/blogdorogeriogomes.com.br\/noticias\/wp-json\/wp\/v2\/media?parent=19763"}],"wp:term":[{"taxonomy":"category","embeddable":true,"href":"https:\/\/blogdorogeriogomes.com.br\/noticias\/wp-json\/wp\/v2\/categories?post=19763"},{"taxonomy":"post_tag","embeddable":true,"href":"https:\/\/blogdorogeriogomes.com.br\/noticias\/wp-json\/wp\/v2\/tags?post=19763"}],"curies":[{"name":"wp","href":"https:\/\/api.w.org\/{rel}","templated":true}]}}