{"id":19766,"date":"2021-01-14T09:14:48","date_gmt":"2021-01-14T09:14:48","guid":{"rendered":"https:\/\/blogdorogeriogomes.com.br\/?p=19766"},"modified":"2021-01-14T11:19:46","modified_gmt":"2021-01-14T11:19:46","slug":"escolas-estaduais-de-ensino-iniciam-matricula-de-novos-estudantes-na-rede-particular-feriado-de-carnaval-e-confirmado","status":"publish","type":"post","link":"https:\/\/blogdorogeriogomes.com.br\/noticias\/2021\/01\/escolas-estaduais-de-ensino-iniciam-matricula-de-novos-estudantes-na-rede-particular-feriado-de-carnaval-e-confirmado\/","title":{"rendered":"Escolas estaduais de ensino iniciam matr\u00edcula de novos estudantes. Na rede particular, feriado de Carnaval \u00e9 confirmado"},"content":{"rendered":"\n<p>As matr\u00edculas para alunos novatos das escolas da rede p\u00fablica estadual de ensino come\u00e7am a partir desta quinta-feira, dia 14 de janeiro. Esta etapa \u00e9 voltada para estudantes que v\u00eam de escolas particular, de outros estados ou que abandonaram a escola e desejam retomar os estudos em uma unidade de ensino da rede p\u00fablica estadual.<\/p>\n\n\n\n<p>Um novo sistema &nbsp;foi desenvolvido pela Secretaria da Educa\u00e7\u00e3o (Seduc) para agilizar o atendimento e trazer seguran\u00e7a com o distanciamento social nesse per\u00edodo de pandemia da Covid-19.<\/p>\n\n\n\n<p>O atendimento presencial vai ser apenas para os pais que n\u00e3o t\u00eam acesso \u00e0 internet. As medidas previstas nos protocolos sanit\u00e1rios est\u00e3o sendo refor\u00e7adas a fim de evitar aglomera\u00e7\u00f5es durante cada etapa do per\u00edodo de matr\u00edcula.<\/p>\n\n\n\n<p>Na rede particular de ensino no Cear\u00e1, o Sindicato dos Estabelecimentos Particulares de Ensino do Cear\u00e1 anunciou que est\u00e1 mantido o feriado de Carnaval para professores e funcion\u00e1rios. A decis\u00e3o vai de encontro ao decreto estadual que cancelou eventos carnavalescos no per\u00edodo e cancelou o ponto facultativo na segunda e ter\u00e7a-feira de Carnaval para evitar aglomera\u00e7\u00f5es, principalmente, nas praias fora de Fortaleza.<\/p>\n\n\n\n<figure class=\"wp-block-image size-large\"><img loading=\"lazy\" decoding=\"async\" width=\"679\" height=\"452\" src=\"https:\/\/blogdorogeriogomes.com.br\/wp-content\/uploads\/2021\/01\/images-6-1.jpeg\" alt=\"\" class=\"wp-image-19767\" srcset=\"https:\/\/blogdorogeriogomes.com.br\/noticias\/wp-content\/uploads\/2021\/01\/images-6-1.jpeg 679w, https:\/\/blogdorogeriogomes.com.br\/noticias\/wp-content\/uploads\/2021\/01\/images-6-1-300x200.jpeg 300w\" sizes=\"auto, (max-width: 679px) 100vw, 679px\" \/><\/figure>\n\n\n\n<p><\/p>\n","protected":false},"excerpt":{"rendered":"<p>As matr\u00edculas para alunos novatos das escolas da rede p\u00fablica estadual de ensino come\u00e7am a partir desta quinta-feira, dia 14 de janeiro. Esta etapa \u00e9 voltada para estudantes que v\u00eam de escolas particular, de outros estados ou que abandonaram a escola e desejam retomar os estudos em uma unidade de ensino da rede p\u00fablica estadual. Um novo sistema &nbsp;foi desenvolvido pela Secretaria da Educa\u00e7\u00e3o (Seduc) para agilizar o atendimento e trazer seguran\u00e7a com o distanciamento social nesse per\u00edodo de&hellip;<\/p>\n","protected":false},"author":1,"featured_media":19767,"comment_status":"open","ping_status":"open","sticky":false,"template":"","format":"standard","meta":{"footnotes":""},"categories":[1],"tags":[],"class_list":["post-19766","post","type-post","status-publish","format-standard","has-post-thumbnail","hentry","category-noticias"],"_links":{"self":[{"href":"https:\/\/blogdorogeriogomes.com.br\/noticias\/wp-json\/wp\/v2\/posts\/19766","targetHints":{"allow":["GET"]}}],"collection":[{"href":"https:\/\/blogdorogeriogomes.com.br\/noticias\/wp-json\/wp\/v2\/posts"}],"about":[{"href":"https:\/\/blogdorogeriogomes.com.br\/noticias\/wp-json\/wp\/v2\/types\/post"}],"author":[{"embeddable":true,"href":"https:\/\/blogdorogeriogomes.com.br\/noticias\/wp-json\/wp\/v2\/users\/1"}],"replies":[{"embeddable":true,"href":"https:\/\/blogdorogeriogomes.com.br\/noticias\/wp-json\/wp\/v2\/comments?post=19766"}],"version-history":[{"count":1,"href":"https:\/\/blogdorogeriogomes.com.br\/noticias\/wp-json\/wp\/v2\/posts\/19766\/revisions"}],"predecessor-version":[{"id":19768,"href":"https:\/\/blogdorogeriogomes.com.br\/noticias\/wp-json\/wp\/v2\/posts\/19766\/revisions\/19768"}],"wp:featuredmedia":[{"embeddable":true,"href":"https:\/\/blogdorogeriogomes.com.br\/noticias\/wp-json\/wp\/v2\/media\/19767"}],"wp:attachment":[{"href":"https:\/\/blogdorogeriogomes.com.br\/noticias\/wp-json\/wp\/v2\/media?parent=19766"}],"wp:term":[{"taxonomy":"category","embeddable":true,"href":"https:\/\/blogdorogeriogomes.com.br\/noticias\/wp-json\/wp\/v2\/categories?post=19766"},{"taxonomy":"post_tag","embeddable":true,"href":"https:\/\/blogdorogeriogomes.com.br\/noticias\/wp-json\/wp\/v2\/tags?post=19766"}],"curies":[{"name":"wp","href":"https:\/\/api.w.org\/{rel}","templated":true}]}}