{"id":19769,"date":"2021-01-14T09:50:56","date_gmt":"2021-01-14T09:50:56","guid":{"rendered":"https:\/\/blogdorogeriogomes.com.br\/?p=19769"},"modified":"2021-01-14T11:19:38","modified_gmt":"2021-01-14T11:19:38","slug":"possibilidade-de-uma-greve-de-caminhoneiros-em-fevereiro-volta-a-assustar","status":"publish","type":"post","link":"https:\/\/blogdorogeriogomes.com.br\/noticias\/2021\/01\/possibilidade-de-uma-greve-de-caminhoneiros-em-fevereiro-volta-a-assustar\/","title":{"rendered":"Possibilidade de uma greve de caminhoneiros em fevereiro volta a assustar"},"content":{"rendered":"\n<p>Se j\u00e1 n\u00e3o bastassem os efeitos da pandemia da Covid-19 na economia, associa\u00e7\u00f5es de caminhoneiros no Pa\u00eds programam uma paralisa\u00e7\u00e3o para o dia 1\u00b0 de fevereiro. A principal reivindica\u00e7\u00e3o \u00e9 o alto pre\u00e7o do diesel. A categoria cobra do Governo Federal uma interven\u00e7\u00e3o na pol\u00edtica de pre\u00e7os da Petrobras. E o argumento da categoria \u00e9 o fato de terem apoiado a elei\u00e7\u00e3o do presidente Jair Bolsonaro.<\/p>\n\n\n\n<p>O presidente da Associa\u00e7\u00e3o Nacional do Transporte Aut\u00f4nomos do Brasil (ANTB), Jos\u00e9 Roberto Stringasci, avaliou que a greve dos caminhoneiros j\u00e1 tem ades\u00e3o de 70% da categoria e pode ser at\u00e9 maior que a de 2018, que provocou um s\u00e9rio desabastecimento de alimentos e outros produtos pelo Pa\u00eds.<\/p>\n\n\n\n<p>A categoria de caminhoneiros diz estar insatisfeita com o governo, principalmente em rela\u00e7\u00e3o ao pre\u00e7o do diesel e \u00e0s promessas n\u00e3o cumpridas ap\u00f3s a greve no governo de Michel Temer.<\/p>\n\n\n\n<figure class=\"wp-block-image size-large\"><img loading=\"lazy\" decoding=\"async\" width=\"620\" height=\"430\" src=\"https:\/\/blogdorogeriogomes.com.br\/wp-content\/uploads\/2021\/01\/images-7-1.jpeg\" alt=\"\" class=\"wp-image-19770\" srcset=\"https:\/\/blogdorogeriogomes.com.br\/noticias\/wp-content\/uploads\/2021\/01\/images-7-1.jpeg 620w, https:\/\/blogdorogeriogomes.com.br\/noticias\/wp-content\/uploads\/2021\/01\/images-7-1-300x208.jpeg 300w\" sizes=\"auto, (max-width: 620px) 100vw, 620px\" \/><\/figure>\n","protected":false},"excerpt":{"rendered":"<p>Se j\u00e1 n\u00e3o bastassem os efeitos da pandemia da Covid-19 na economia, associa\u00e7\u00f5es de caminhoneiros no Pa\u00eds programam uma paralisa\u00e7\u00e3o para o dia 1\u00b0 de fevereiro. A principal reivindica\u00e7\u00e3o \u00e9 o alto pre\u00e7o do diesel. A categoria cobra do Governo Federal uma interven\u00e7\u00e3o na pol\u00edtica de pre\u00e7os da Petrobras. E o argumento da categoria \u00e9 o fato de terem apoiado a elei\u00e7\u00e3o do presidente Jair Bolsonaro. O presidente da Associa\u00e7\u00e3o Nacional do Transporte Aut\u00f4nomos do Brasil (ANTB), Jos\u00e9 Roberto&hellip;<\/p>\n","protected":false},"author":1,"featured_media":19770,"comment_status":"open","ping_status":"open","sticky":false,"template":"","format":"standard","meta":{"footnotes":""},"categories":[1],"tags":[],"class_list":["post-19769","post","type-post","status-publish","format-standard","has-post-thumbnail","hentry","category-noticias"],"_links":{"self":[{"href":"https:\/\/blogdorogeriogomes.com.br\/noticias\/wp-json\/wp\/v2\/posts\/19769","targetHints":{"allow":["GET"]}}],"collection":[{"href":"https:\/\/blogdorogeriogomes.com.br\/noticias\/wp-json\/wp\/v2\/posts"}],"about":[{"href":"https:\/\/blogdorogeriogomes.com.br\/noticias\/wp-json\/wp\/v2\/types\/post"}],"author":[{"embeddable":true,"href":"https:\/\/blogdorogeriogomes.com.br\/noticias\/wp-json\/wp\/v2\/users\/1"}],"replies":[{"embeddable":true,"href":"https:\/\/blogdorogeriogomes.com.br\/noticias\/wp-json\/wp\/v2\/comments?post=19769"}],"version-history":[{"count":1,"href":"https:\/\/blogdorogeriogomes.com.br\/noticias\/wp-json\/wp\/v2\/posts\/19769\/revisions"}],"predecessor-version":[{"id":19771,"href":"https:\/\/blogdorogeriogomes.com.br\/noticias\/wp-json\/wp\/v2\/posts\/19769\/revisions\/19771"}],"wp:featuredmedia":[{"embeddable":true,"href":"https:\/\/blogdorogeriogomes.com.br\/noticias\/wp-json\/wp\/v2\/media\/19770"}],"wp:attachment":[{"href":"https:\/\/blogdorogeriogomes.com.br\/noticias\/wp-json\/wp\/v2\/media?parent=19769"}],"wp:term":[{"taxonomy":"category","embeddable":true,"href":"https:\/\/blogdorogeriogomes.com.br\/noticias\/wp-json\/wp\/v2\/categories?post=19769"},{"taxonomy":"post_tag","embeddable":true,"href":"https:\/\/blogdorogeriogomes.com.br\/noticias\/wp-json\/wp\/v2\/tags?post=19769"}],"curies":[{"name":"wp","href":"https:\/\/api.w.org\/{rel}","templated":true}]}}