{"id":19772,"date":"2021-01-14T19:19:23","date_gmt":"2021-01-14T19:19:23","guid":{"rendered":"https:\/\/blogdorogeriogomes.com.br\/?p=19772"},"modified":"2021-01-15T11:50:43","modified_gmt":"2021-01-15T11:50:43","slug":"sarto-participa-de-reuniao-com-ministro-da-saude-e-projeta-inicio-de-vacinacao-em-fortaleza-no-proximo-dia-20","status":"publish","type":"post","link":"https:\/\/blogdorogeriogomes.com.br\/noticias\/2021\/01\/sarto-participa-de-reuniao-com-ministro-da-saude-e-projeta-inicio-de-vacinacao-em-fortaleza-no-proximo-dia-20\/","title":{"rendered":"Sarto participa de reuni\u00e3o com ministro da Sa\u00fade e projeta in\u00edcio de vacina\u00e7\u00e3o em Fortaleza no pr\u00f3ximo dia 20"},"content":{"rendered":"\n<p>O prefeito de Fortaleza, Jos\u00e9 Sarto (PDT), participou nesta quinta-feira, dia 14 de janeiro, de reuni\u00e3o entre o ministro da Sa\u00fade, Eduardo Pazuello, e a Frente Nacional de Prefeitos (FNP). Na ocasi\u00e3o, Pazuello informou que as primeiras doses da vacina contra Covid-19 ser\u00e3o distribu\u00eddas em todo o pa\u00eds a partir da pr\u00f3xima segunda-feira, dia 18.<\/p>\n\n\n\n<p>&#8220;Assim, podemos iniciar a vacina\u00e7\u00e3o na quarta-feira (20) da semana que vem. Esse cronograma depende da libera\u00e7\u00e3o das vacinas Coronavac e Astrazeneca pela Ag\u00eancia Nacional de Vigil\u00e2ncia Sanit\u00e1ria (Anvisa)&#8221;, explicou Sarto em suas redes.<br>Na reuni\u00e3o, o prefeito solicitou ao Minist\u00e9rio da Sa\u00fade que considere a inclus\u00e3o dos profissionais da educa\u00e7\u00e3o no grupo priorit\u00e1rio a ser imunizado no primeiro momento de vacina\u00e7\u00e3o. Em car\u00e1ter priorit\u00e1rio para receber o imunizante est\u00e3o hoje os profissionais da Sa\u00fade na linha de frente do combate \u00e0 pandemia e pessoas do grupo de risco.<\/p>\n\n\n\n<figure class=\"wp-block-image size-large\"><img loading=\"lazy\" decoding=\"async\" width=\"716\" height=\"429\" src=\"https:\/\/blogdorogeriogomes.com.br\/wp-content\/uploads\/2021\/01\/images-11-1.jpeg\" alt=\"\" class=\"wp-image-19773\" srcset=\"https:\/\/blogdorogeriogomes.com.br\/noticias\/wp-content\/uploads\/2021\/01\/images-11-1.jpeg 716w, https:\/\/blogdorogeriogomes.com.br\/noticias\/wp-content\/uploads\/2021\/01\/images-11-1-300x180.jpeg 300w\" sizes=\"auto, (max-width: 716px) 100vw, 716px\" \/><\/figure>\n","protected":false},"excerpt":{"rendered":"<p>O prefeito de Fortaleza, Jos\u00e9 Sarto (PDT), participou nesta quinta-feira, dia 14 de janeiro, de reuni\u00e3o entre o ministro da Sa\u00fade, Eduardo Pazuello, e a Frente Nacional de Prefeitos (FNP). Na ocasi\u00e3o, Pazuello informou que as primeiras doses da vacina contra Covid-19 ser\u00e3o distribu\u00eddas em todo o pa\u00eds a partir da pr\u00f3xima segunda-feira, dia 18. &#8220;Assim, podemos iniciar a vacina\u00e7\u00e3o na quarta-feira (20) da semana que vem. Esse cronograma depende da libera\u00e7\u00e3o das vacinas Coronavac e Astrazeneca pela Ag\u00eancia&hellip;<\/p>\n","protected":false},"author":1,"featured_media":19773,"comment_status":"open","ping_status":"open","sticky":false,"template":"","format":"standard","meta":{"footnotes":""},"categories":[1],"tags":[],"class_list":["post-19772","post","type-post","status-publish","format-standard","has-post-thumbnail","hentry","category-noticias"],"_links":{"self":[{"href":"https:\/\/blogdorogeriogomes.com.br\/noticias\/wp-json\/wp\/v2\/posts\/19772","targetHints":{"allow":["GET"]}}],"collection":[{"href":"https:\/\/blogdorogeriogomes.com.br\/noticias\/wp-json\/wp\/v2\/posts"}],"about":[{"href":"https:\/\/blogdorogeriogomes.com.br\/noticias\/wp-json\/wp\/v2\/types\/post"}],"author":[{"embeddable":true,"href":"https:\/\/blogdorogeriogomes.com.br\/noticias\/wp-json\/wp\/v2\/users\/1"}],"replies":[{"embeddable":true,"href":"https:\/\/blogdorogeriogomes.com.br\/noticias\/wp-json\/wp\/v2\/comments?post=19772"}],"version-history":[{"count":1,"href":"https:\/\/blogdorogeriogomes.com.br\/noticias\/wp-json\/wp\/v2\/posts\/19772\/revisions"}],"predecessor-version":[{"id":19774,"href":"https:\/\/blogdorogeriogomes.com.br\/noticias\/wp-json\/wp\/v2\/posts\/19772\/revisions\/19774"}],"wp:featuredmedia":[{"embeddable":true,"href":"https:\/\/blogdorogeriogomes.com.br\/noticias\/wp-json\/wp\/v2\/media\/19773"}],"wp:attachment":[{"href":"https:\/\/blogdorogeriogomes.com.br\/noticias\/wp-json\/wp\/v2\/media?parent=19772"}],"wp:term":[{"taxonomy":"category","embeddable":true,"href":"https:\/\/blogdorogeriogomes.com.br\/noticias\/wp-json\/wp\/v2\/categories?post=19772"},{"taxonomy":"post_tag","embeddable":true,"href":"https:\/\/blogdorogeriogomes.com.br\/noticias\/wp-json\/wp\/v2\/tags?post=19772"}],"curies":[{"name":"wp","href":"https:\/\/api.w.org\/{rel}","templated":true}]}}