{"id":19775,"date":"2021-01-15T00:16:54","date_gmt":"2021-01-15T00:16:54","guid":{"rendered":"https:\/\/blogdorogeriogomes.com.br\/?p=19775"},"modified":"2021-01-15T11:50:25","modified_gmt":"2021-01-15T11:50:25","slug":"colapso-nos-hospitais-de-manaus-revela-mais-uma-vez-o-descaso-de-quem-nao-respeita-o-distanciamento-social-falta-ate-oxigenio-nas-unidades","status":"publish","type":"post","link":"https:\/\/blogdorogeriogomes.com.br\/noticias\/2021\/01\/colapso-nos-hospitais-de-manaus-revela-mais-uma-vez-o-descaso-de-quem-nao-respeita-o-distanciamento-social-falta-ate-oxigenio-nas-unidades\/","title":{"rendered":"Colapso nos hospitais de Manaus revela mais uma vez o descaso de quem n\u00e3o respeita o distanciamento social. Falta at\u00e9 oxig\u00eanio nas unidades"},"content":{"rendered":"\n<p>As mortes por Covid-19 crescem sem controle no Amazonas. A situa\u00e7\u00e3o ca\u00f3tica se agravou nas \u00faltimas 48 horas com a falta de oxig\u00eanio para os pacientes internados nas unidades de sa\u00fade, principalmente, na capital Manaus. Governadores de outros estados, como Camilo Santana, do Cear\u00e1, est\u00e3o oferecendo oxig\u00eanio e leitos para o Governo do Amazonas.<\/p>\n\n\n\n<p>O colapso nos hospitais do Amazonas foi provocado pela falta de distanciamento social e o consequente avan\u00e7o da pandemia. Em dezembro, o Governo Estadual tinha decretado um &#8220;lockdown&#8221; por l\u00e1, mas voltou atr\u00e1s diante da press\u00e3o de comerciantes e parlamentares bolsonaristas. O resultado est\u00e1 a\u00ed. Casos da doen\u00e7a disparados e hospitais sem dar conta de tantos pacientes. Agora, o governo amazonense determinou um toque de recolher.<\/p>\n\n\n\n<p>No cen\u00e1rio nacional, a falta de incentivo \u00e0s regras de distanciamento social parte do pr\u00f3prio presidente Jair Bolsonaro, que continua a criticar as medidas dos governadores, sem contar o desprezo com as vacinas contra a Covid-19 em uso nos mais de 50 pa\u00edses onde iniciou a imuniza\u00e7\u00e3o. Um incentivo a mais mortes.<\/p>\n\n\n\n<p>No Brasil, j\u00e1 s\u00e3o 207.160 mortos pelo coronav\u00edrus com 1.151 \u00f3bitos nas \u00faltimas 24 horas. Quando se pensa no apoio que deveria ser prestado pelo Minist\u00e9rio da Sa\u00fade, vale lembrar que no in\u00edcio da semana o ministro Eduardo Pazuello ofereceu &#8220;ajuda&#8221; ao Amazonas pressionando a Prefeitura de Manaus a distribuir hidroxicloroquina e ivermectina, rem\u00e9dios usados contra mal\u00e1ria, l\u00fapus e infesta\u00e7\u00e3o por vermes, como tratamento precoce para a Covid-19. Definitivamente, n\u00e3o pode ser levado \u00e0 s\u00e9rio.<\/p>\n\n\n\n<figure class=\"wp-block-image size-large\"><img loading=\"lazy\" decoding=\"async\" width=\"1024\" height=\"576\" src=\"https:\/\/blogdorogeriogomes.com.br\/wp-content\/uploads\/2021\/01\/2021-01-14t184405z-737006410-rc2u7l9n5we4-rtrmadp-3-health-coronavirus-brazil-amazon-1024x576.jpg\" alt=\"\" class=\"wp-image-19776\" srcset=\"https:\/\/blogdorogeriogomes.com.br\/noticias\/wp-content\/uploads\/2021\/01\/2021-01-14t184405z-737006410-rc2u7l9n5we4-rtrmadp-3-health-coronavirus-brazil-amazon-1024x576.jpg 1024w, https:\/\/blogdorogeriogomes.com.br\/noticias\/wp-content\/uploads\/2021\/01\/2021-01-14t184405z-737006410-rc2u7l9n5we4-rtrmadp-3-health-coronavirus-brazil-amazon-300x169.jpg 300w, https:\/\/blogdorogeriogomes.com.br\/noticias\/wp-content\/uploads\/2021\/01\/2021-01-14t184405z-737006410-rc2u7l9n5we4-rtrmadp-3-health-coronavirus-brazil-amazon-768x432.jpg 768w, https:\/\/blogdorogeriogomes.com.br\/noticias\/wp-content\/uploads\/2021\/01\/2021-01-14t184405z-737006410-rc2u7l9n5we4-rtrmadp-3-health-coronavirus-brazil-amazon-800x450.jpg 800w, https:\/\/blogdorogeriogomes.com.br\/noticias\/wp-content\/uploads\/2021\/01\/2021-01-14t184405z-737006410-rc2u7l9n5we4-rtrmadp-3-health-coronavirus-brazil-amazon.jpg 1080w\" sizes=\"auto, (max-width: 1024px) 100vw, 1024px\" \/><\/figure>\n\n\n\n<p><\/p>\n","protected":false},"excerpt":{"rendered":"<p>As mortes por Covid-19 crescem sem controle no Amazonas. A situa\u00e7\u00e3o ca\u00f3tica se agravou nas \u00faltimas 48 horas com a falta de oxig\u00eanio para os pacientes internados nas unidades de sa\u00fade, principalmente, na capital Manaus. Governadores de outros estados, como Camilo Santana, do Cear\u00e1, est\u00e3o oferecendo oxig\u00eanio e leitos para o Governo do Amazonas. O colapso nos hospitais do Amazonas foi provocado pela falta de distanciamento social e o consequente avan\u00e7o da pandemia. Em dezembro, o Governo Estadual tinha&hellip;<\/p>\n","protected":false},"author":1,"featured_media":19776,"comment_status":"open","ping_status":"open","sticky":false,"template":"","format":"standard","meta":{"footnotes":""},"categories":[1],"tags":[],"class_list":["post-19775","post","type-post","status-publish","format-standard","has-post-thumbnail","hentry","category-noticias"],"_links":{"self":[{"href":"https:\/\/blogdorogeriogomes.com.br\/noticias\/wp-json\/wp\/v2\/posts\/19775","targetHints":{"allow":["GET"]}}],"collection":[{"href":"https:\/\/blogdorogeriogomes.com.br\/noticias\/wp-json\/wp\/v2\/posts"}],"about":[{"href":"https:\/\/blogdorogeriogomes.com.br\/noticias\/wp-json\/wp\/v2\/types\/post"}],"author":[{"embeddable":true,"href":"https:\/\/blogdorogeriogomes.com.br\/noticias\/wp-json\/wp\/v2\/users\/1"}],"replies":[{"embeddable":true,"href":"https:\/\/blogdorogeriogomes.com.br\/noticias\/wp-json\/wp\/v2\/comments?post=19775"}],"version-history":[{"count":1,"href":"https:\/\/blogdorogeriogomes.com.br\/noticias\/wp-json\/wp\/v2\/posts\/19775\/revisions"}],"predecessor-version":[{"id":19777,"href":"https:\/\/blogdorogeriogomes.com.br\/noticias\/wp-json\/wp\/v2\/posts\/19775\/revisions\/19777"}],"wp:featuredmedia":[{"embeddable":true,"href":"https:\/\/blogdorogeriogomes.com.br\/noticias\/wp-json\/wp\/v2\/media\/19776"}],"wp:attachment":[{"href":"https:\/\/blogdorogeriogomes.com.br\/noticias\/wp-json\/wp\/v2\/media?parent=19775"}],"wp:term":[{"taxonomy":"category","embeddable":true,"href":"https:\/\/blogdorogeriogomes.com.br\/noticias\/wp-json\/wp\/v2\/categories?post=19775"},{"taxonomy":"post_tag","embeddable":true,"href":"https:\/\/blogdorogeriogomes.com.br\/noticias\/wp-json\/wp\/v2\/tags?post=19775"}],"curies":[{"name":"wp","href":"https:\/\/api.w.org\/{rel}","templated":true}]}}