{"id":19778,"date":"2021-01-15T09:15:43","date_gmt":"2021-01-15T09:15:43","guid":{"rendered":"https:\/\/blogdorogeriogomes.com.br\/?p=19778"},"modified":"2021-01-15T11:50:03","modified_gmt":"2021-01-15T11:50:03","slug":"secretaria-de-educacao-do-estado-inicia-a-convocacao-de-1-250-novos-professores","status":"publish","type":"post","link":"https:\/\/blogdorogeriogomes.com.br\/noticias\/2021\/01\/secretaria-de-educacao-do-estado-inicia-a-convocacao-de-1-250-novos-professores\/","title":{"rendered":"Secretaria de Educa\u00e7\u00e3o do Estado inicia a convoca\u00e7\u00e3o de 1.250 novos professores"},"content":{"rendered":"\n<p>A Secretaria da Educa\u00e7\u00e3o (Seduc) divulgou, esta semana, o edital da primeira convoca\u00e7\u00e3o do Concurso P\u00fablico para provimento de cargos efetivos de professor. Ao todo, ser\u00e3o contempladas 1.250 vagas, divididas nas 13 disciplinas do Ensino M\u00e9dio, perfazendo 50% do total de classificados por disciplina, mais a L\u00edngua Brasileira de Sinais (Libras). Os profissionais atuar\u00e3o nas escolas da rede p\u00fablica estadual de todo o Cear\u00e1, de acordo com o edital de convoca\u00e7\u00e3o.&nbsp;Os procedimentos referentes \u00e0 convoca\u00e7\u00e3o, nomea\u00e7\u00e3o, posse e exerc\u00edcio ser\u00e3o realizados pelos candidatos convocados de forma on-line, atrav\u00e9s do sistema desenvolvido pela Seduc.&nbsp;<br>Na plataforma virtual, o candidato realizar\u00e1 seu cadastro pessoal e funcional, e tamb\u00e9m submeter\u00e1 a documenta\u00e7\u00e3o obrigat\u00f3ria \u00e0 posse e ao exerc\u00edcio. Na sequ\u00eancia, solicitar\u00e1 \u00e0 lota\u00e7\u00e3o inicial.&nbsp;A posse e o exerc\u00edcio dos nomeados est\u00e3o previstos para 2 de mar\u00e7o de 2021.<\/p>\n\n\n\n<figure class=\"wp-block-image size-large\"><img loading=\"lazy\" decoding=\"async\" width=\"680\" height=\"451\" src=\"https:\/\/blogdorogeriogomes.com.br\/wp-content\/uploads\/2021\/01\/images-12.jpeg\" alt=\"\" class=\"wp-image-19779\" srcset=\"https:\/\/blogdorogeriogomes.com.br\/noticias\/wp-content\/uploads\/2021\/01\/images-12.jpeg 680w, https:\/\/blogdorogeriogomes.com.br\/noticias\/wp-content\/uploads\/2021\/01\/images-12-300x199.jpeg 300w\" sizes=\"auto, (max-width: 680px) 100vw, 680px\" \/><\/figure>\n","protected":false},"excerpt":{"rendered":"<p>A Secretaria da Educa\u00e7\u00e3o (Seduc) divulgou, esta semana, o edital da primeira convoca\u00e7\u00e3o do Concurso P\u00fablico para provimento de cargos efetivos de professor. Ao todo, ser\u00e3o contempladas 1.250 vagas, divididas nas 13 disciplinas do Ensino M\u00e9dio, perfazendo 50% do total de classificados por disciplina, mais a L\u00edngua Brasileira de Sinais (Libras). Os profissionais atuar\u00e3o nas escolas da rede p\u00fablica estadual de todo o Cear\u00e1, de acordo com o edital de convoca\u00e7\u00e3o.&nbsp;Os procedimentos referentes \u00e0 convoca\u00e7\u00e3o, nomea\u00e7\u00e3o, posse e exerc\u00edcio&hellip;<\/p>\n","protected":false},"author":1,"featured_media":19779,"comment_status":"open","ping_status":"open","sticky":false,"template":"","format":"standard","meta":{"footnotes":""},"categories":[1],"tags":[],"class_list":["post-19778","post","type-post","status-publish","format-standard","has-post-thumbnail","hentry","category-noticias"],"_links":{"self":[{"href":"https:\/\/blogdorogeriogomes.com.br\/noticias\/wp-json\/wp\/v2\/posts\/19778","targetHints":{"allow":["GET"]}}],"collection":[{"href":"https:\/\/blogdorogeriogomes.com.br\/noticias\/wp-json\/wp\/v2\/posts"}],"about":[{"href":"https:\/\/blogdorogeriogomes.com.br\/noticias\/wp-json\/wp\/v2\/types\/post"}],"author":[{"embeddable":true,"href":"https:\/\/blogdorogeriogomes.com.br\/noticias\/wp-json\/wp\/v2\/users\/1"}],"replies":[{"embeddable":true,"href":"https:\/\/blogdorogeriogomes.com.br\/noticias\/wp-json\/wp\/v2\/comments?post=19778"}],"version-history":[{"count":1,"href":"https:\/\/blogdorogeriogomes.com.br\/noticias\/wp-json\/wp\/v2\/posts\/19778\/revisions"}],"predecessor-version":[{"id":19780,"href":"https:\/\/blogdorogeriogomes.com.br\/noticias\/wp-json\/wp\/v2\/posts\/19778\/revisions\/19780"}],"wp:featuredmedia":[{"embeddable":true,"href":"https:\/\/blogdorogeriogomes.com.br\/noticias\/wp-json\/wp\/v2\/media\/19779"}],"wp:attachment":[{"href":"https:\/\/blogdorogeriogomes.com.br\/noticias\/wp-json\/wp\/v2\/media?parent=19778"}],"wp:term":[{"taxonomy":"category","embeddable":true,"href":"https:\/\/blogdorogeriogomes.com.br\/noticias\/wp-json\/wp\/v2\/categories?post=19778"},{"taxonomy":"post_tag","embeddable":true,"href":"https:\/\/blogdorogeriogomes.com.br\/noticias\/wp-json\/wp\/v2\/tags?post=19778"}],"curies":[{"name":"wp","href":"https:\/\/api.w.org\/{rel}","templated":true}]}}