{"id":19781,"date":"2021-01-15T09:48:08","date_gmt":"2021-01-15T09:48:08","guid":{"rendered":"https:\/\/blogdorogeriogomes.com.br\/?p=19781"},"modified":"2021-01-15T11:49:41","modified_gmt":"2021-01-15T11:49:41","slug":"ciro-gomes-classifica-bolsonaro-e-pazuello-de-genocidas-diante-do-caos-sanitario-em-manaus","status":"publish","type":"post","link":"https:\/\/blogdorogeriogomes.com.br\/noticias\/2021\/01\/ciro-gomes-classifica-bolsonaro-e-pazuello-de-genocidas-diante-do-caos-sanitario-em-manaus\/","title":{"rendered":"Ciro Gomes classifica Bolsonaro e Pazuello de &#8220;genocidas&#8221; diante do caos sanit\u00e1rio em Manaus"},"content":{"rendered":"\n<p>O procurador da Rep\u00fablica do Amazonas, Igor da Silva Spindola, afirmou que o Governo Federal foi alertado h\u00e1 pelo menos quatro dias que iria faltar oxig\u00eanio n\u00f3s hospitais de Manaus e n\u00e3o tomou provid\u00eancias. Em live nesta quinta-feira, dia 14 de janeiro, o ministro da Sa\u00fade, Eduardo Pazuello, ao lado do presidente Jair Bolsonaro, colocou a culpa pelas mortes \u00e0s chuvas no Estado e a falta de tratamento precoce da pandemia, se referindo ao uso de cloroquina. Pr\u00e1tica sem nenhuma comprova\u00e7\u00e3o cient\u00edfica e que n\u00e3o est\u00e1 sendo adotada em nenhum pa\u00eds do mundo.<\/p>\n\n\n\n<p>O ex-ministro Ciro Gomes voltou a classificar o descaso do presidente Jair Bolsonaro e do ministro Eduardo Pazuello com o caos sanit\u00e1rio no Amazonas como genoc\u00eddio. &#8220;De forma clara: Bolsonaro e Pazuello abandonaram Manaus \u00e0 pr\u00f3pria sorte. Foram muitos os avisos de que a situa\u00e7\u00e3o na cidade estava fora de controle, mas os dois se recusaram a ajudar, seguem minimizando o problema e insistem em medicamentos ineficazes! Isso \u00e9 crime! Genocidas!&#8221;<\/p>\n\n\n\n<p>N\u00e3o h\u00e1 nenhuma palavra a tirar do que disse Ciro Gomes.<\/p>\n\n\n\n<figure class=\"wp-block-image size-large\"><img loading=\"lazy\" decoding=\"async\" width=\"678\" height=\"452\" src=\"https:\/\/blogdorogeriogomes.com.br\/wp-content\/uploads\/2021\/01\/images-13.jpeg\" alt=\"\" class=\"wp-image-19782\" srcset=\"https:\/\/blogdorogeriogomes.com.br\/noticias\/wp-content\/uploads\/2021\/01\/images-13.jpeg 678w, https:\/\/blogdorogeriogomes.com.br\/noticias\/wp-content\/uploads\/2021\/01\/images-13-300x200.jpeg 300w\" sizes=\"auto, (max-width: 678px) 100vw, 678px\" \/><\/figure>\n","protected":false},"excerpt":{"rendered":"<p>O procurador da Rep\u00fablica do Amazonas, Igor da Silva Spindola, afirmou que o Governo Federal foi alertado h\u00e1 pelo menos quatro dias que iria faltar oxig\u00eanio n\u00f3s hospitais de Manaus e n\u00e3o tomou provid\u00eancias. Em live nesta quinta-feira, dia 14 de janeiro, o ministro da Sa\u00fade, Eduardo Pazuello, ao lado do presidente Jair Bolsonaro, colocou a culpa pelas mortes \u00e0s chuvas no Estado e a falta de tratamento precoce da pandemia, se referindo ao uso de cloroquina. Pr\u00e1tica sem&hellip;<\/p>\n","protected":false},"author":1,"featured_media":19782,"comment_status":"open","ping_status":"open","sticky":false,"template":"","format":"standard","meta":{"footnotes":""},"categories":[1],"tags":[],"class_list":["post-19781","post","type-post","status-publish","format-standard","has-post-thumbnail","hentry","category-noticias"],"_links":{"self":[{"href":"https:\/\/blogdorogeriogomes.com.br\/noticias\/wp-json\/wp\/v2\/posts\/19781","targetHints":{"allow":["GET"]}}],"collection":[{"href":"https:\/\/blogdorogeriogomes.com.br\/noticias\/wp-json\/wp\/v2\/posts"}],"about":[{"href":"https:\/\/blogdorogeriogomes.com.br\/noticias\/wp-json\/wp\/v2\/types\/post"}],"author":[{"embeddable":true,"href":"https:\/\/blogdorogeriogomes.com.br\/noticias\/wp-json\/wp\/v2\/users\/1"}],"replies":[{"embeddable":true,"href":"https:\/\/blogdorogeriogomes.com.br\/noticias\/wp-json\/wp\/v2\/comments?post=19781"}],"version-history":[{"count":1,"href":"https:\/\/blogdorogeriogomes.com.br\/noticias\/wp-json\/wp\/v2\/posts\/19781\/revisions"}],"predecessor-version":[{"id":19783,"href":"https:\/\/blogdorogeriogomes.com.br\/noticias\/wp-json\/wp\/v2\/posts\/19781\/revisions\/19783"}],"wp:featuredmedia":[{"embeddable":true,"href":"https:\/\/blogdorogeriogomes.com.br\/noticias\/wp-json\/wp\/v2\/media\/19782"}],"wp:attachment":[{"href":"https:\/\/blogdorogeriogomes.com.br\/noticias\/wp-json\/wp\/v2\/media?parent=19781"}],"wp:term":[{"taxonomy":"category","embeddable":true,"href":"https:\/\/blogdorogeriogomes.com.br\/noticias\/wp-json\/wp\/v2\/categories?post=19781"},{"taxonomy":"post_tag","embeddable":true,"href":"https:\/\/blogdorogeriogomes.com.br\/noticias\/wp-json\/wp\/v2\/tags?post=19781"}],"curies":[{"name":"wp","href":"https:\/\/api.w.org\/{rel}","templated":true}]}}