{"id":19787,"date":"2021-01-15T21:17:10","date_gmt":"2021-01-15T21:17:10","guid":{"rendered":"https:\/\/blogdorogeriogomes.com.br\/?p=19787"},"modified":"2021-01-18T13:51:09","modified_gmt":"2021-01-18T13:51:09","slug":"vacinas-contra-covid-19-devem-ser-levadas-ao-interior-do-ceara-por-meio-aereo-e-terrestre-india-frustra-plano-do-governo-federal-para-envio-do-imunizante","status":"publish","type":"post","link":"https:\/\/blogdorogeriogomes.com.br\/noticias\/2021\/01\/vacinas-contra-covid-19-devem-ser-levadas-ao-interior-do-ceara-por-meio-aereo-e-terrestre-india-frustra-plano-do-governo-federal-para-envio-do-imunizante\/","title":{"rendered":"Vacinas contra Covid-19 devem ser levadas ao interior do Cear\u00e1 por meio a\u00e9reo e terrestre. \u00cdndia frustra plano do Governo Federal para envio do imunizante"},"content":{"rendered":"\n<p>Com distribui\u00e7\u00e3o prevista para a pr\u00f3xima semana no Cear\u00e1, o Governo do Estado est\u00e1 em fase de prepara\u00e7\u00e3o log\u00edstica para a entrega dos imunizantes em munic\u00edpios cearenses. O governador Camilo Santana afirmou nesta sexta-feira, dia 15 de janeiro, que o transporte das vacinas para o Interior deve envolver, al\u00e9m de transportes terrestres, o uso de avi\u00f5es e helic\u00f3pteros.<\/p>\n\n\n\n<p>\u201cEstamos preparando toda a log\u00edstica para entregar e distribuir o mais r\u00e1pido poss\u00edvel aos munic\u00edpios, de forma a\u00e9rea, tamb\u00e9m com helic\u00f3pteros e ve\u00edculos\u201d, disse o governador.<\/p>\n\n\n\n<p>Camilo pontuou ainda que os estados ainda aguardam a libera\u00e7\u00e3o da Anvisa (Ag\u00eancia Nacional de Vigil\u00e2ncia Sanit\u00e1ria) das vacinas que est\u00e3o sendo adquiridas pelo Minist\u00e9rio da Sa\u00fade. &#8220;H\u00e1 uma perspectiva de que, ou na pr\u00f3xima semana ou ainda esse m\u00eas, a gente possa iniciar a campanha de vacina\u00e7\u00e3o aqui no Cear\u00e1&#8221;.<\/p>\n\n\n\n<p>Ser\u00e3o entregues 1,3 milh\u00e3o de agulhas e seringas aos 184 munic\u00edpios cearenses a partir da pr\u00f3xima ter\u00e7a-feira (19). De acordo com o Governo do Estado, o Cear\u00e1 j\u00e1 conta com estoque seguro de seringas, agulhas, algod\u00e3o e \u00e1lcool. Al\u00e9m disso, foram distribu\u00eddos 160 refrigeradores para o acondicionamento da vacina.<\/p>\n\n\n\n<p>Em tempo: a \u00cdndia frustrou os planos do Governo Federal de enviar as duas milh\u00f5es de doses da vacina contra a Covid-19. A informa\u00e7\u00e3o do Governo Indiano \u00e9 priorizar a vacina\u00e7\u00e3o da popula\u00e7\u00e3o do pa\u00eds, que inicia neste s\u00e1bado, dia 16 de janeiro. O avi\u00e3o brasileiro que iria pegar o imunizante na \u00cdndia ter\u00e1 agora de esperar.<\/p>\n\n\n\n<p>Para compensar o plano frustrado, o Minist\u00e9rio da Sa\u00fade tenta agora confiscar todas as seis milh\u00f5es de doses da vacina Coronavac, desenvolvida pelo laborat\u00f3rio chin\u00eas Sinovac em parceria com o Instituto Butantan, em S\u00e3o Paulo. O Governo Paulista promete recorrer ao Supremo Tribunal Federal (STF) para impedir a iniciativa.<\/p>\n\n\n\n<figure class=\"wp-block-image size-large\"><img loading=\"lazy\" decoding=\"async\" width=\"1024\" height=\"682\" src=\"https:\/\/blogdorogeriogomes.com.br\/wp-content\/uploads\/2021\/01\/210115_GOVERNADOR-VISITA-CENTRO-DISTRIBUICAO-SESA_CGM3136-1200x799-1-1024x682.jpg\" alt=\"\" class=\"wp-image-19788\" srcset=\"https:\/\/blogdorogeriogomes.com.br\/noticias\/wp-content\/uploads\/2021\/01\/210115_GOVERNADOR-VISITA-CENTRO-DISTRIBUICAO-SESA_CGM3136-1200x799-1-1024x682.jpg 1024w, https:\/\/blogdorogeriogomes.com.br\/noticias\/wp-content\/uploads\/2021\/01\/210115_GOVERNADOR-VISITA-CENTRO-DISTRIBUICAO-SESA_CGM3136-1200x799-1-300x200.jpg 300w, https:\/\/blogdorogeriogomes.com.br\/noticias\/wp-content\/uploads\/2021\/01\/210115_GOVERNADOR-VISITA-CENTRO-DISTRIBUICAO-SESA_CGM3136-1200x799-1-768x511.jpg 768w, https:\/\/blogdorogeriogomes.com.br\/noticias\/wp-content\/uploads\/2021\/01\/210115_GOVERNADOR-VISITA-CENTRO-DISTRIBUICAO-SESA_CGM3136-1200x799-1-800x533.jpg 800w, https:\/\/blogdorogeriogomes.com.br\/noticias\/wp-content\/uploads\/2021\/01\/210115_GOVERNADOR-VISITA-CENTRO-DISTRIBUICAO-SESA_CGM3136-1200x799-1.jpg 1200w\" sizes=\"auto, (max-width: 1024px) 100vw, 1024px\" \/><\/figure>\n","protected":false},"excerpt":{"rendered":"<p>Com distribui\u00e7\u00e3o prevista para a pr\u00f3xima semana no Cear\u00e1, o Governo do Estado est\u00e1 em fase de prepara\u00e7\u00e3o log\u00edstica para a entrega dos imunizantes em munic\u00edpios cearenses. O governador Camilo Santana afirmou nesta sexta-feira, dia 15 de janeiro, que o transporte das vacinas para o Interior deve envolver, al\u00e9m de transportes terrestres, o uso de avi\u00f5es e helic\u00f3pteros. \u201cEstamos preparando toda a log\u00edstica para entregar e distribuir o mais r\u00e1pido poss\u00edvel aos munic\u00edpios, de forma a\u00e9rea, tamb\u00e9m com helic\u00f3pteros&hellip;<\/p>\n","protected":false},"author":1,"featured_media":19788,"comment_status":"open","ping_status":"open","sticky":false,"template":"","format":"standard","meta":{"footnotes":""},"categories":[1],"tags":[],"class_list":["post-19787","post","type-post","status-publish","format-standard","has-post-thumbnail","hentry","category-noticias"],"_links":{"self":[{"href":"https:\/\/blogdorogeriogomes.com.br\/noticias\/wp-json\/wp\/v2\/posts\/19787","targetHints":{"allow":["GET"]}}],"collection":[{"href":"https:\/\/blogdorogeriogomes.com.br\/noticias\/wp-json\/wp\/v2\/posts"}],"about":[{"href":"https:\/\/blogdorogeriogomes.com.br\/noticias\/wp-json\/wp\/v2\/types\/post"}],"author":[{"embeddable":true,"href":"https:\/\/blogdorogeriogomes.com.br\/noticias\/wp-json\/wp\/v2\/users\/1"}],"replies":[{"embeddable":true,"href":"https:\/\/blogdorogeriogomes.com.br\/noticias\/wp-json\/wp\/v2\/comments?post=19787"}],"version-history":[{"count":1,"href":"https:\/\/blogdorogeriogomes.com.br\/noticias\/wp-json\/wp\/v2\/posts\/19787\/revisions"}],"predecessor-version":[{"id":19789,"href":"https:\/\/blogdorogeriogomes.com.br\/noticias\/wp-json\/wp\/v2\/posts\/19787\/revisions\/19789"}],"wp:featuredmedia":[{"embeddable":true,"href":"https:\/\/blogdorogeriogomes.com.br\/noticias\/wp-json\/wp\/v2\/media\/19788"}],"wp:attachment":[{"href":"https:\/\/blogdorogeriogomes.com.br\/noticias\/wp-json\/wp\/v2\/media?parent=19787"}],"wp:term":[{"taxonomy":"category","embeddable":true,"href":"https:\/\/blogdorogeriogomes.com.br\/noticias\/wp-json\/wp\/v2\/categories?post=19787"},{"taxonomy":"post_tag","embeddable":true,"href":"https:\/\/blogdorogeriogomes.com.br\/noticias\/wp-json\/wp\/v2\/tags?post=19787"}],"curies":[{"name":"wp","href":"https:\/\/api.w.org\/{rel}","templated":true}]}}