{"id":19791,"date":"2021-01-16T11:21:20","date_gmt":"2021-01-16T11:21:20","guid":{"rendered":"https:\/\/blogdorogeriogomes.com.br\/?p=19791"},"modified":"2021-01-18T13:50:53","modified_gmt":"2021-01-18T13:50:53","slug":"panelacos-pelo-pais-voltam-a-reacender-o-movimento-pelo-impeachment-de-jair-bolsonaro","status":"publish","type":"post","link":"https:\/\/blogdorogeriogomes.com.br\/noticias\/2021\/01\/panelacos-pelo-pais-voltam-a-reacender-o-movimento-pelo-impeachment-de-jair-bolsonaro\/","title":{"rendered":"Panela\u00e7os pelo Pa\u00eds voltam a reacender o movimento pelo impeachment de Jair Bolsonaro"},"content":{"rendered":"\n<p>O caos sanit\u00e1rio em Manaus fez reacender os protestos contra a incompet\u00eancia do Governo Federal em enfrentar a pandemia da Covid-19. Diante da crise, o presidente Jair Bolsonaro se contenta em continuar negando os efeitos desastrosos da pandemia, os 208 mil mortos no Brasil e sem qualquer a\u00e7\u00e3o de incentivo \u00e0 vacina\u00e7\u00e3o. O resultado \u00e9 que nesta sexta-feira, dia 15 de janeiro, voltaram a ser registrados panela\u00e7os em v\u00e1rias capitais brasileiras.<\/p>\n\n\n\n<p>Partidos de oposi\u00e7\u00e3o ao Governo Federal (Rede, PSB, PT, PCdoB e PDT) confirmam um novo pedido de impeachment do presidente Jair Bolsonaro em fun\u00e7\u00e3o da crise sanit\u00e1ria vivida no Amazonas. O estado enfrenta aumento de casos e mortes por Covid-19 e, recentemente, falta de oxig\u00eanio em hospitais sem uma a\u00e7\u00e3o efetiva do Minist\u00e9rio da Sa\u00fade para evitar novas mortes. O ministro Eduardo Pazuello teve uma semana para evitar a falta de oxig\u00eanio em Manaus e pouco fez.<\/p>\n\n\n\n<p>J\u00e1 s\u00e3o 56 pedidos de impeachment na C\u00e2mara dos Deputados a espera de um parecer do presidente Rodrigo Maia. Crimes de responsabilidade n\u00e3o faltam contra o atual Presidente da Rep\u00fablica, mas infelizmente deputados federais e senadores parecem estar mais preocupados com a sucess\u00e3o da Mesa Diretora na C\u00e2mara Federal e no Senado, prevista para o in\u00edcio de fevereiro.<\/p>\n\n\n\n<p>Pelo descaso com a sa\u00fade, fora Bolsonaro!<\/p>\n\n\n\n<figure class=\"wp-block-image size-large\"><img loading=\"lazy\" decoding=\"async\" width=\"1024\" height=\"576\" src=\"https:\/\/blogdorogeriogomes.com.br\/wp-content\/uploads\/2021\/01\/projecao--1024x576.jpg\" alt=\"\" class=\"wp-image-19792\" srcset=\"https:\/\/blogdorogeriogomes.com.br\/noticias\/wp-content\/uploads\/2021\/01\/projecao--1024x576.jpg 1024w, https:\/\/blogdorogeriogomes.com.br\/noticias\/wp-content\/uploads\/2021\/01\/projecao--300x169.jpg 300w, https:\/\/blogdorogeriogomes.com.br\/noticias\/wp-content\/uploads\/2021\/01\/projecao--768x432.jpg 768w, https:\/\/blogdorogeriogomes.com.br\/noticias\/wp-content\/uploads\/2021\/01\/projecao--800x450.jpg 800w, https:\/\/blogdorogeriogomes.com.br\/noticias\/wp-content\/uploads\/2021\/01\/projecao-.jpg 1080w\" sizes=\"auto, (max-width: 1024px) 100vw, 1024px\" \/><\/figure>\n","protected":false},"excerpt":{"rendered":"<p>O caos sanit\u00e1rio em Manaus fez reacender os protestos contra a incompet\u00eancia do Governo Federal em enfrentar a pandemia da Covid-19. Diante da crise, o presidente Jair Bolsonaro se contenta em continuar negando os efeitos desastrosos da pandemia, os 208 mil mortos no Brasil e sem qualquer a\u00e7\u00e3o de incentivo \u00e0 vacina\u00e7\u00e3o. O resultado \u00e9 que nesta sexta-feira, dia 15 de janeiro, voltaram a ser registrados panela\u00e7os em v\u00e1rias capitais brasileiras. Partidos de oposi\u00e7\u00e3o ao Governo Federal (Rede, PSB,&hellip;<\/p>\n","protected":false},"author":1,"featured_media":19792,"comment_status":"open","ping_status":"open","sticky":false,"template":"","format":"standard","meta":{"footnotes":""},"categories":[1],"tags":[],"class_list":["post-19791","post","type-post","status-publish","format-standard","has-post-thumbnail","hentry","category-noticias"],"_links":{"self":[{"href":"https:\/\/blogdorogeriogomes.com.br\/noticias\/wp-json\/wp\/v2\/posts\/19791","targetHints":{"allow":["GET"]}}],"collection":[{"href":"https:\/\/blogdorogeriogomes.com.br\/noticias\/wp-json\/wp\/v2\/posts"}],"about":[{"href":"https:\/\/blogdorogeriogomes.com.br\/noticias\/wp-json\/wp\/v2\/types\/post"}],"author":[{"embeddable":true,"href":"https:\/\/blogdorogeriogomes.com.br\/noticias\/wp-json\/wp\/v2\/users\/1"}],"replies":[{"embeddable":true,"href":"https:\/\/blogdorogeriogomes.com.br\/noticias\/wp-json\/wp\/v2\/comments?post=19791"}],"version-history":[{"count":1,"href":"https:\/\/blogdorogeriogomes.com.br\/noticias\/wp-json\/wp\/v2\/posts\/19791\/revisions"}],"predecessor-version":[{"id":19793,"href":"https:\/\/blogdorogeriogomes.com.br\/noticias\/wp-json\/wp\/v2\/posts\/19791\/revisions\/19793"}],"wp:featuredmedia":[{"embeddable":true,"href":"https:\/\/blogdorogeriogomes.com.br\/noticias\/wp-json\/wp\/v2\/media\/19792"}],"wp:attachment":[{"href":"https:\/\/blogdorogeriogomes.com.br\/noticias\/wp-json\/wp\/v2\/media?parent=19791"}],"wp:term":[{"taxonomy":"category","embeddable":true,"href":"https:\/\/blogdorogeriogomes.com.br\/noticias\/wp-json\/wp\/v2\/categories?post=19791"},{"taxonomy":"post_tag","embeddable":true,"href":"https:\/\/blogdorogeriogomes.com.br\/noticias\/wp-json\/wp\/v2\/tags?post=19791"}],"curies":[{"name":"wp","href":"https:\/\/api.w.org\/{rel}","templated":true}]}}