{"id":19794,"date":"2021-01-18T08:55:50","date_gmt":"2021-01-18T08:55:50","guid":{"rendered":"https:\/\/blogdorogeriogomes.com.br\/?p=19794"},"modified":"2021-01-18T13:50:32","modified_gmt":"2021-01-18T13:50:32","slug":"ceara-comeca-a-receber-vacina-coronavac-nesta-segunda-e-inicia-a-imunizacao-na-quarta-feira","status":"publish","type":"post","link":"https:\/\/blogdorogeriogomes.com.br\/noticias\/2021\/01\/ceara-comeca-a-receber-vacina-coronavac-nesta-segunda-e-inicia-a-imunizacao-na-quarta-feira\/","title":{"rendered":"Cear\u00e1 come\u00e7a a receber vacina CoronaVac nesta segunda e inicia a imuniza\u00e7\u00e3o na quarta-feira"},"content":{"rendered":"\n<p>Com a vacina CoronaVac aprovada pela Anvisa, a imuniza\u00e7\u00e3o contra a Covid-19 teve in\u00edcio em S\u00e3o Paulo ainda neste domingo, dia 17 de janeiro. O Cear\u00e1 vai receber do Minist\u00e9rio da Sa\u00fade 218 mil doses da vacina CoronaVac,&nbsp;do Instituto Butantan em parceria com a chinesa Sinovac, nesta segunda-feira, dia 18 de janeiro. <\/p>\n\n\n\n<p>A Secretaria da Sa\u00fade do Cear\u00e1 avalia que a quantidade \u00e9 suficientes para vacinar 109 mil pessoas. Cada pessoa deve receber duas doses do imunizante em um intervalo de 21 dias. O processo de imuniza\u00e7\u00e3o come\u00e7a na quarta-feira, dia 20, em todos os munic\u00edpios cearenses.<\/p>\n\n\n\n<p>O secret\u00e1rio Dr. Cabeto refor\u00e7a que todas as regi\u00f5es do Cear\u00e1 j\u00e1 est\u00e3o prontas para a vacina\u00e7\u00e3o, inclusive em rela\u00e7\u00e3o a distribui\u00e7\u00e3o de agulhas e seringas.<\/p>\n\n\n\n<figure class=\"wp-block-image size-large\"><img loading=\"lazy\" decoding=\"async\" width=\"450\" height=\"337\" src=\"https:\/\/blogdorogeriogomes.com.br\/wp-content\/uploads\/2021\/01\/enfermeira-monica-calazans-de-54-anos-e-a-primeira-brasileira-a-receber-dose-da-vacina-coronavac-1610915652214_v2_450x337.jpg\" alt=\"\" class=\"wp-image-19795\" srcset=\"https:\/\/blogdorogeriogomes.com.br\/noticias\/wp-content\/uploads\/2021\/01\/enfermeira-monica-calazans-de-54-anos-e-a-primeira-brasileira-a-receber-dose-da-vacina-coronavac-1610915652214_v2_450x337.jpg 450w, https:\/\/blogdorogeriogomes.com.br\/noticias\/wp-content\/uploads\/2021\/01\/enfermeira-monica-calazans-de-54-anos-e-a-primeira-brasileira-a-receber-dose-da-vacina-coronavac-1610915652214_v2_450x337-300x225.jpg 300w, https:\/\/blogdorogeriogomes.com.br\/noticias\/wp-content\/uploads\/2021\/01\/enfermeira-monica-calazans-de-54-anos-e-a-primeira-brasileira-a-receber-dose-da-vacina-coronavac-1610915652214_v2_450x337-400x300.jpg 400w\" sizes=\"auto, (max-width: 450px) 100vw, 450px\" \/><\/figure>\n\n\n\n<p><\/p>\n\n\n\n<p><\/p>\n\n\n\n<p><\/p>\n\n\n\n<p><\/p>\n\n\n\n<p><\/p>\n\n\n\n<p><\/p>\n\n\n\n<p><\/p>\n\n\n\n<p><\/p>\n\n\n\n<p><\/p>\n\n\n\n<p><\/p>\n\n\n\n<p><\/p>\n\n\n\n<p><\/p>\n\n\n\n<p><\/p>\n\n\n\n<p><\/p>\n\n\n\n<p><\/p>\n\n\n\n<p><\/p>\n\n\n\n<p><\/p>\n\n\n\n<p><\/p>\n\n\n\n<p><\/p>\n\n\n\n<p><\/p>\n\n\n\n<p><\/p>\n\n\n\n<p><\/p>\n\n\n\n<p><\/p>\n\n\n\n<p><\/p>\n\n\n\n<p><\/p>\n\n\n\n<p><\/p>\n\n\n\n<p><\/p>\n\n\n\n<p><\/p>\n\n\n\n<p><\/p>\n\n\n\n<p><\/p>\n\n\n\n<p><\/p>\n\n\n\n<p><\/p>\n\n\n\n<p><\/p>\n\n\n\n<p><\/p>\n\n\n\n<p><\/p>\n\n\n\n<p><\/p>\n\n\n\n<p><\/p>\n\n\n\n<p><\/p>\n\n\n\n<p><\/p>\n\n\n\n<p><\/p>\n\n\n\n<p><\/p>\n\n\n\n<p><\/p>\n\n\n\n<p><\/p>\n\n\n\n<p><\/p>\n\n\n\n<p><\/p>\n\n\n\n<p><\/p>\n\n\n\n<p><\/p>\n\n\n\n<p><\/p>\n\n\n\n<p><\/p>\n\n\n\n<p><\/p>\n","protected":false},"excerpt":{"rendered":"<p>Com a vacina CoronaVac aprovada pela Anvisa, a imuniza\u00e7\u00e3o contra a Covid-19 teve in\u00edcio em S\u00e3o Paulo ainda neste domingo, dia 17 de janeiro. O Cear\u00e1 vai receber do Minist\u00e9rio da Sa\u00fade 218 mil doses da vacina CoronaVac,&nbsp;do Instituto Butantan em parceria com a chinesa Sinovac, nesta segunda-feira, dia 18 de janeiro. A Secretaria da Sa\u00fade do Cear\u00e1 avalia que a quantidade \u00e9 suficientes para vacinar 109 mil pessoas. Cada pessoa deve receber duas doses do imunizante em um&hellip;<\/p>\n","protected":false},"author":1,"featured_media":19795,"comment_status":"open","ping_status":"open","sticky":false,"template":"","format":"standard","meta":{"footnotes":""},"categories":[1],"tags":[],"class_list":["post-19794","post","type-post","status-publish","format-standard","has-post-thumbnail","hentry","category-noticias"],"_links":{"self":[{"href":"https:\/\/blogdorogeriogomes.com.br\/noticias\/wp-json\/wp\/v2\/posts\/19794","targetHints":{"allow":["GET"]}}],"collection":[{"href":"https:\/\/blogdorogeriogomes.com.br\/noticias\/wp-json\/wp\/v2\/posts"}],"about":[{"href":"https:\/\/blogdorogeriogomes.com.br\/noticias\/wp-json\/wp\/v2\/types\/post"}],"author":[{"embeddable":true,"href":"https:\/\/blogdorogeriogomes.com.br\/noticias\/wp-json\/wp\/v2\/users\/1"}],"replies":[{"embeddable":true,"href":"https:\/\/blogdorogeriogomes.com.br\/noticias\/wp-json\/wp\/v2\/comments?post=19794"}],"version-history":[{"count":2,"href":"https:\/\/blogdorogeriogomes.com.br\/noticias\/wp-json\/wp\/v2\/posts\/19794\/revisions"}],"predecessor-version":[{"id":19805,"href":"https:\/\/blogdorogeriogomes.com.br\/noticias\/wp-json\/wp\/v2\/posts\/19794\/revisions\/19805"}],"wp:featuredmedia":[{"embeddable":true,"href":"https:\/\/blogdorogeriogomes.com.br\/noticias\/wp-json\/wp\/v2\/media\/19795"}],"wp:attachment":[{"href":"https:\/\/blogdorogeriogomes.com.br\/noticias\/wp-json\/wp\/v2\/media?parent=19794"}],"wp:term":[{"taxonomy":"category","embeddable":true,"href":"https:\/\/blogdorogeriogomes.com.br\/noticias\/wp-json\/wp\/v2\/categories?post=19794"},{"taxonomy":"post_tag","embeddable":true,"href":"https:\/\/blogdorogeriogomes.com.br\/noticias\/wp-json\/wp\/v2\/tags?post=19794"}],"curies":[{"name":"wp","href":"https:\/\/api.w.org\/{rel}","templated":true}]}}