{"id":19802,"date":"2021-01-18T09:46:17","date_gmt":"2021-01-18T09:46:17","guid":{"rendered":"https:\/\/blogdorogeriogomes.com.br\/?p=19802"},"modified":"2021-01-18T13:49:52","modified_gmt":"2021-01-18T13:49:52","slug":"em-meio-a-pandemia-mais-da-metade-dos-alunos-deixa-de-fazer-provas-do-enem-2020","status":"publish","type":"post","link":"https:\/\/blogdorogeriogomes.com.br\/noticias\/2021\/01\/em-meio-a-pandemia-mais-da-metade-dos-alunos-deixa-de-fazer-provas-do-enem-2020\/","title":{"rendered":"Em meio \u00e0 pandemia, mais da metade dos alunos deixa de fazer provas do Enem 2020"},"content":{"rendered":"\n<p>O medo da pandemia da Covid-19 fez com que 51% dos alunos inscritos deixassem de fazer as primeiras provas do Enem 2020 em todo o Pa\u00eds, neste domingo, dia 17 de janeiro. De acordo com o Instituto Nacional de Estudos e Pesquisas Educacionais An\u00edsio Teixeira (Inep), 5.523.029 pessoas se inscreveram no Enem, mas apenas 2.680.697, menos da metade (48,5%), compareceram ao local de prova. Os ausentes somaram 2.842.332 (51,5%), o que representa a maior taxa de absten\u00e7\u00e3o da hist\u00f3ria do exame.<\/p>\n\n\n\n<p>Apesar do agravamento da pandemia e do aumento de contaminados e de mortos, o ministro da Educa\u00e7\u00e3o, Milton Ribeiro, classificou o Enem como &#8220;um sucesso&#8221; e culpou a imprensa pela absten\u00e7\u00e3o hist\u00f3ria.<\/p>\n\n\n\n<p>A falta de sensibilidade mandou lembran\u00e7a!<\/p>\n\n\n\n<figure class=\"wp-block-image size-large\"><img loading=\"lazy\" decoding=\"async\" width=\"630\" height=\"473\" src=\"https:\/\/blogdorogeriogomes.com.br\/wp-content\/uploads\/2021\/01\/images-16.jpeg\" alt=\"\" class=\"wp-image-19803\" srcset=\"https:\/\/blogdorogeriogomes.com.br\/noticias\/wp-content\/uploads\/2021\/01\/images-16.jpeg 630w, https:\/\/blogdorogeriogomes.com.br\/noticias\/wp-content\/uploads\/2021\/01\/images-16-300x225.jpeg 300w, https:\/\/blogdorogeriogomes.com.br\/noticias\/wp-content\/uploads\/2021\/01\/images-16-400x300.jpeg 400w\" sizes=\"auto, (max-width: 630px) 100vw, 630px\" \/><\/figure>\n","protected":false},"excerpt":{"rendered":"<p>O medo da pandemia da Covid-19 fez com que 51% dos alunos inscritos deixassem de fazer as primeiras provas do Enem 2020 em todo o Pa\u00eds, neste domingo, dia 17 de janeiro. De acordo com o Instituto Nacional de Estudos e Pesquisas Educacionais An\u00edsio Teixeira (Inep), 5.523.029 pessoas se inscreveram no Enem, mas apenas 2.680.697, menos da metade (48,5%), compareceram ao local de prova. Os ausentes somaram 2.842.332 (51,5%), o que representa a maior taxa de absten\u00e7\u00e3o da hist\u00f3ria&hellip;<\/p>\n","protected":false},"author":1,"featured_media":19803,"comment_status":"open","ping_status":"open","sticky":false,"template":"","format":"standard","meta":{"footnotes":""},"categories":[1],"tags":[],"class_list":["post-19802","post","type-post","status-publish","format-standard","has-post-thumbnail","hentry","category-noticias"],"_links":{"self":[{"href":"https:\/\/blogdorogeriogomes.com.br\/noticias\/wp-json\/wp\/v2\/posts\/19802","targetHints":{"allow":["GET"]}}],"collection":[{"href":"https:\/\/blogdorogeriogomes.com.br\/noticias\/wp-json\/wp\/v2\/posts"}],"about":[{"href":"https:\/\/blogdorogeriogomes.com.br\/noticias\/wp-json\/wp\/v2\/types\/post"}],"author":[{"embeddable":true,"href":"https:\/\/blogdorogeriogomes.com.br\/noticias\/wp-json\/wp\/v2\/users\/1"}],"replies":[{"embeddable":true,"href":"https:\/\/blogdorogeriogomes.com.br\/noticias\/wp-json\/wp\/v2\/comments?post=19802"}],"version-history":[{"count":1,"href":"https:\/\/blogdorogeriogomes.com.br\/noticias\/wp-json\/wp\/v2\/posts\/19802\/revisions"}],"predecessor-version":[{"id":19804,"href":"https:\/\/blogdorogeriogomes.com.br\/noticias\/wp-json\/wp\/v2\/posts\/19802\/revisions\/19804"}],"wp:featuredmedia":[{"embeddable":true,"href":"https:\/\/blogdorogeriogomes.com.br\/noticias\/wp-json\/wp\/v2\/media\/19803"}],"wp:attachment":[{"href":"https:\/\/blogdorogeriogomes.com.br\/noticias\/wp-json\/wp\/v2\/media?parent=19802"}],"wp:term":[{"taxonomy":"category","embeddable":true,"href":"https:\/\/blogdorogeriogomes.com.br\/noticias\/wp-json\/wp\/v2\/categories?post=19802"},{"taxonomy":"post_tag","embeddable":true,"href":"https:\/\/blogdorogeriogomes.com.br\/noticias\/wp-json\/wp\/v2\/tags?post=19802"}],"curies":[{"name":"wp","href":"https:\/\/api.w.org\/{rel}","templated":true}]}}