{"id":19806,"date":"2021-01-18T14:51:13","date_gmt":"2021-01-18T14:51:13","guid":{"rendered":"https:\/\/blogdorogeriogomes.com.br\/?p=19806"},"modified":"2021-01-19T16:57:12","modified_gmt":"2021-01-19T16:57:12","slug":"camilo-e-sarto-acompanham-envio-das-vacinas-em-sao-paulo-vacinacao-em-fortaleza-ja-comeca-nesta-segunda-feira","status":"publish","type":"post","link":"https:\/\/blogdorogeriogomes.com.br\/noticias\/2021\/01\/camilo-e-sarto-acompanham-envio-das-vacinas-em-sao-paulo-vacinacao-em-fortaleza-ja-comeca-nesta-segunda-feira\/","title":{"rendered":"Camilo e Sarto acompanham envio das vacinas em S\u00e3o Paulo. Vacina\u00e7\u00e3o em Fortaleza j\u00e1 come\u00e7a nesta segunda-feira"},"content":{"rendered":"\n<p>O governador do Cear\u00e1, Camilo Santana (PT), e o prefeito de Fortaleza, Sarto Nogueira (PDT), estiveram em S\u00e3o Paulo para acompanhar o embarque das primeiras doses de vacinas da Coronavac (Instituto Butantan\/Sinovac) para o Estado. Neste primeiro est\u00e1gio da imuniza\u00e7\u00e3o, ser\u00e3o mais de 229 mil doses. O in\u00edcio da vacina\u00e7\u00e3o deve ocorrer ainda nesta segunda-feira, dia 18 de janeiro, a partir das 17 horas.<\/p>\n\n\n\n<p>Segundo o Minist\u00e9rio da Sa\u00fade, as doses no Cear\u00e1 est\u00e3o divididas entre profissionais da Sa\u00fade (86.360 doses) pessoas com 60 anos ou mais que vivem em asilos (2.393), popula\u00e7\u00e3o ind\u00edgena em terras ind\u00edgenas (20.250) e pessoas com defici\u00eancia que vivem em asilos (132).<\/p>\n\n\n\n<p>Os primeiros a serem vacinados no Cear\u00e1 ser\u00e3o os trabalhadores da sa\u00fade que est\u00e3o ativos na linha de frente de combate \u00e0 pandemia da Covid-19 em unidades p\u00fablicas e privadas. Cada pessoa receber\u00e1 aplica\u00e7\u00e3o de duas doses.<\/p>\n\n\n\n<p>Al\u00e9m de acompanhar o embarque das vacinas, Camilo Santana participou de reuni\u00e3o com o ministro Eduardo Pazuello e representantes de todos os estados para acertar detalhes sobre a distribui\u00e7\u00e3o da vacina.<\/p>\n\n\n\n<figure class=\"wp-block-image size-large\"><img loading=\"lazy\" decoding=\"async\" width=\"1024\" height=\"577\" src=\"https:\/\/blogdorogeriogomes.com.br\/wp-content\/uploads\/2021\/01\/IMG-20210118-WA0042-1024x577.jpg\" alt=\"\" class=\"wp-image-19807\" srcset=\"https:\/\/blogdorogeriogomes.com.br\/noticias\/wp-content\/uploads\/2021\/01\/IMG-20210118-WA0042-1024x577.jpg 1024w, https:\/\/blogdorogeriogomes.com.br\/noticias\/wp-content\/uploads\/2021\/01\/IMG-20210118-WA0042-300x169.jpg 300w, https:\/\/blogdorogeriogomes.com.br\/noticias\/wp-content\/uploads\/2021\/01\/IMG-20210118-WA0042-768x432.jpg 768w, https:\/\/blogdorogeriogomes.com.br\/noticias\/wp-content\/uploads\/2021\/01\/IMG-20210118-WA0042-800x450.jpg 800w, https:\/\/blogdorogeriogomes.com.br\/noticias\/wp-content\/uploads\/2021\/01\/IMG-20210118-WA0042.jpg 1078w\" sizes=\"auto, (max-width: 1024px) 100vw, 1024px\" \/><\/figure>\n","protected":false},"excerpt":{"rendered":"<p>O governador do Cear\u00e1, Camilo Santana (PT), e o prefeito de Fortaleza, Sarto Nogueira (PDT), estiveram em S\u00e3o Paulo para acompanhar o embarque das primeiras doses de vacinas da Coronavac (Instituto Butantan\/Sinovac) para o Estado. Neste primeiro est\u00e1gio da imuniza\u00e7\u00e3o, ser\u00e3o mais de 229 mil doses. O in\u00edcio da vacina\u00e7\u00e3o deve ocorrer ainda nesta segunda-feira, dia 18 de janeiro, a partir das 17 horas. Segundo o Minist\u00e9rio da Sa\u00fade, as doses no Cear\u00e1 est\u00e3o divididas entre profissionais da Sa\u00fade&hellip;<\/p>\n","protected":false},"author":1,"featured_media":19807,"comment_status":"open","ping_status":"open","sticky":false,"template":"","format":"standard","meta":{"footnotes":""},"categories":[1],"tags":[],"class_list":["post-19806","post","type-post","status-publish","format-standard","has-post-thumbnail","hentry","category-noticias"],"_links":{"self":[{"href":"https:\/\/blogdorogeriogomes.com.br\/noticias\/wp-json\/wp\/v2\/posts\/19806","targetHints":{"allow":["GET"]}}],"collection":[{"href":"https:\/\/blogdorogeriogomes.com.br\/noticias\/wp-json\/wp\/v2\/posts"}],"about":[{"href":"https:\/\/blogdorogeriogomes.com.br\/noticias\/wp-json\/wp\/v2\/types\/post"}],"author":[{"embeddable":true,"href":"https:\/\/blogdorogeriogomes.com.br\/noticias\/wp-json\/wp\/v2\/users\/1"}],"replies":[{"embeddable":true,"href":"https:\/\/blogdorogeriogomes.com.br\/noticias\/wp-json\/wp\/v2\/comments?post=19806"}],"version-history":[{"count":1,"href":"https:\/\/blogdorogeriogomes.com.br\/noticias\/wp-json\/wp\/v2\/posts\/19806\/revisions"}],"predecessor-version":[{"id":19808,"href":"https:\/\/blogdorogeriogomes.com.br\/noticias\/wp-json\/wp\/v2\/posts\/19806\/revisions\/19808"}],"wp:featuredmedia":[{"embeddable":true,"href":"https:\/\/blogdorogeriogomes.com.br\/noticias\/wp-json\/wp\/v2\/media\/19807"}],"wp:attachment":[{"href":"https:\/\/blogdorogeriogomes.com.br\/noticias\/wp-json\/wp\/v2\/media?parent=19806"}],"wp:term":[{"taxonomy":"category","embeddable":true,"href":"https:\/\/blogdorogeriogomes.com.br\/noticias\/wp-json\/wp\/v2\/categories?post=19806"},{"taxonomy":"post_tag","embeddable":true,"href":"https:\/\/blogdorogeriogomes.com.br\/noticias\/wp-json\/wp\/v2\/tags?post=19806"}],"curies":[{"name":"wp","href":"https:\/\/api.w.org\/{rel}","templated":true}]}}