{"id":19809,"date":"2021-01-18T22:59:32","date_gmt":"2021-01-18T22:59:32","guid":{"rendered":"https:\/\/blogdorogeriogomes.com.br\/?p=19809"},"modified":"2021-01-19T16:56:04","modified_gmt":"2021-01-19T16:56:04","slug":"primeiras-vacinas-contra-a-covid-19-no-ceara-sao-aplicadas-no-hospital-leonardo-da-vinci-em-fortaleza","status":"publish","type":"post","link":"https:\/\/blogdorogeriogomes.com.br\/noticias\/2021\/01\/primeiras-vacinas-contra-a-covid-19-no-ceara-sao-aplicadas-no-hospital-leonardo-da-vinci-em-fortaleza\/","title":{"rendered":"Primeiras vacinas contra a Covid-19 no Cear\u00e1 s\u00e3o aplicadas no Hospital Leonardo Da Vinci, em Fortaleza"},"content":{"rendered":"\n<p>Fortaleza j\u00e1 recebeu as primeiras 80 mil doses da vacina contra a Covid-19 para pessoas do grupo priorit\u00e1rio. As primeiras vacinas foram aplicadas na noite desta segunda-feira, dia 18 de janeiro, no Hospital Leonardo Da Vinci, em Fortaleza. Para quem aguarda se vacinar, a Secretaria da Sa\u00fade do Estado do Cear\u00e1 (Sesa) orienta que a popula\u00e7\u00e3o evite buscar o atendimento presencial nos postos de sa\u00fade com o fim de efetuar cadastro pr\u00e9vio. A recomenda\u00e7\u00e3o \u00e9 que todos se cadastrem pelo aplicativo de celular ou site do ConecteSUS.&nbsp;<\/p>\n\n\n\n<p>No aplicativo, basta seguir o passo a passo: acessar a p\u00e1gina de in\u00edcio e informar o seu CPF; validar as informa\u00e7\u00f5es b\u00e1sicas do usu\u00e1rio (data de nascimento e filia\u00e7\u00e3o); criar uma senha com letras mai\u00fasculas, min\u00fasculas, n\u00fameros e s\u00edmbolos; cadastrar o n\u00famero de celular para recebimento do c\u00f3digo de confirma\u00e7\u00e3o; aceitar a autoriza\u00e7\u00e3o de uso de dados pessoais e os termos de uso; verificar hist\u00f3rico de atendimentos, exames, consultas, doa\u00e7\u00f5es e recebimento de medicamentos.&nbsp;<\/p>\n\n\n\n<p>A primeira fase de vacina\u00e7\u00e3o contemplar\u00e1 trabalhadores da sa\u00fade (182.907 pessoas), iosos acima de 75 anos (269.964), pessoas com 60 anos ou mais que vivem em institui\u00e7\u00f5es de longa perman\u00eancia (115.978) e popula\u00e7\u00e3o ind\u00edgena (26.903).<\/p>\n\n\n\n<figure class=\"wp-block-image size-large\"><img loading=\"lazy\" decoding=\"async\" width=\"1024\" height=\"403\" src=\"https:\/\/blogdorogeriogomes.com.br\/wp-content\/uploads\/2021\/01\/1_primeira_vacina_ceara_foto_aurelio_alves_opovo-14651504-1024x403.png\" alt=\"\" class=\"wp-image-19810\" srcset=\"https:\/\/blogdorogeriogomes.com.br\/noticias\/wp-content\/uploads\/2021\/01\/1_primeira_vacina_ceara_foto_aurelio_alves_opovo-14651504-1024x403.png 1024w, https:\/\/blogdorogeriogomes.com.br\/noticias\/wp-content\/uploads\/2021\/01\/1_primeira_vacina_ceara_foto_aurelio_alves_opovo-14651504-300x118.png 300w, https:\/\/blogdorogeriogomes.com.br\/noticias\/wp-content\/uploads\/2021\/01\/1_primeira_vacina_ceara_foto_aurelio_alves_opovo-14651504-768x302.png 768w, https:\/\/blogdorogeriogomes.com.br\/noticias\/wp-content\/uploads\/2021\/01\/1_primeira_vacina_ceara_foto_aurelio_alves_opovo-14651504-800x315.png 800w, https:\/\/blogdorogeriogomes.com.br\/noticias\/wp-content\/uploads\/2021\/01\/1_primeira_vacina_ceara_foto_aurelio_alves_opovo-14651504.png 1140w\" sizes=\"auto, (max-width: 1024px) 100vw, 1024px\" \/><\/figure>\n","protected":false},"excerpt":{"rendered":"<p>Fortaleza j\u00e1 recebeu as primeiras 80 mil doses da vacina contra a Covid-19 para pessoas do grupo priorit\u00e1rio. As primeiras vacinas foram aplicadas na noite desta segunda-feira, dia 18 de janeiro, no Hospital Leonardo Da Vinci, em Fortaleza. Para quem aguarda se vacinar, a Secretaria da Sa\u00fade do Estado do Cear\u00e1 (Sesa) orienta que a popula\u00e7\u00e3o evite buscar o atendimento presencial nos postos de sa\u00fade com o fim de efetuar cadastro pr\u00e9vio. A recomenda\u00e7\u00e3o \u00e9 que todos se cadastrem&hellip;<\/p>\n","protected":false},"author":1,"featured_media":19810,"comment_status":"open","ping_status":"open","sticky":false,"template":"","format":"standard","meta":{"footnotes":""},"categories":[1],"tags":[],"class_list":["post-19809","post","type-post","status-publish","format-standard","has-post-thumbnail","hentry","category-noticias"],"_links":{"self":[{"href":"https:\/\/blogdorogeriogomes.com.br\/noticias\/wp-json\/wp\/v2\/posts\/19809","targetHints":{"allow":["GET"]}}],"collection":[{"href":"https:\/\/blogdorogeriogomes.com.br\/noticias\/wp-json\/wp\/v2\/posts"}],"about":[{"href":"https:\/\/blogdorogeriogomes.com.br\/noticias\/wp-json\/wp\/v2\/types\/post"}],"author":[{"embeddable":true,"href":"https:\/\/blogdorogeriogomes.com.br\/noticias\/wp-json\/wp\/v2\/users\/1"}],"replies":[{"embeddable":true,"href":"https:\/\/blogdorogeriogomes.com.br\/noticias\/wp-json\/wp\/v2\/comments?post=19809"}],"version-history":[{"count":1,"href":"https:\/\/blogdorogeriogomes.com.br\/noticias\/wp-json\/wp\/v2\/posts\/19809\/revisions"}],"predecessor-version":[{"id":19811,"href":"https:\/\/blogdorogeriogomes.com.br\/noticias\/wp-json\/wp\/v2\/posts\/19809\/revisions\/19811"}],"wp:featuredmedia":[{"embeddable":true,"href":"https:\/\/blogdorogeriogomes.com.br\/noticias\/wp-json\/wp\/v2\/media\/19810"}],"wp:attachment":[{"href":"https:\/\/blogdorogeriogomes.com.br\/noticias\/wp-json\/wp\/v2\/media?parent=19809"}],"wp:term":[{"taxonomy":"category","embeddable":true,"href":"https:\/\/blogdorogeriogomes.com.br\/noticias\/wp-json\/wp\/v2\/categories?post=19809"},{"taxonomy":"post_tag","embeddable":true,"href":"https:\/\/blogdorogeriogomes.com.br\/noticias\/wp-json\/wp\/v2\/tags?post=19809"}],"curies":[{"name":"wp","href":"https:\/\/api.w.org\/{rel}","templated":true}]}}