{"id":19812,"date":"2021-01-19T09:06:53","date_gmt":"2021-01-19T09:06:53","guid":{"rendered":"https:\/\/blogdorogeriogomes.com.br\/?p=19812"},"modified":"2021-01-19T16:57:58","modified_gmt":"2021-01-19T16:57:58","slug":"e-necessario-agendamento-para-tomar-a-vacina-contra-a-covid-19-ceara-tem-doses-para-imunizar-109-mil-pessoas","status":"publish","type":"post","link":"https:\/\/blogdorogeriogomes.com.br\/noticias\/2021\/01\/e-necessario-agendamento-para-tomar-a-vacina-contra-a-covid-19-ceara-tem-doses-para-imunizar-109-mil-pessoas\/","title":{"rendered":"\u00c9 necess\u00e1rio agendamento para tomar a vacina contra a Covid-19. Cear\u00e1 tem doses para imunizar 109 mil pessoas"},"content":{"rendered":"\n<p>H\u00e1 um sentimento de euforia com o in\u00edcio da vacina\u00e7\u00e3o contra a Covid-19 em todo o Pa\u00eds. Mas \u00e9 importante saber que \u00e9 necess\u00e1rio se cadastrar para ter acesso \u00e0 imuniza\u00e7\u00e3o. Neste primeiro momento, s\u00f3 h\u00e1 doses da CoronaVac suficientes para vacinar apenas 109 mil pessoas no Cear\u00e1.&nbsp;Em Fortaleza ser\u00e3o 40 mil pessoas que receber\u00e3o 80 mil doses. A vacina\u00e7\u00e3o come\u00e7a de forma direcionada para grupos de maior risco.&nbsp;<\/p>\n\n\n\n<p>Na pr\u00f3xima semana ser\u00e1 lan\u00e7ada&nbsp;op\u00e7\u00e3o para agendamento em Fortaleza pelo app&nbsp;Mais Sa\u00fade Fortaleza. O agendamento tamb\u00e9m poder\u00e1 ser feito pelo site Vacine J\u00e1.<\/p>\n\n\n\n<p>A vacina ser\u00e1 aplicada primeiro em profissionais de sa\u00fade nos pr\u00f3prios locais de trabalho. Depois, haver\u00e1 vacina\u00e7\u00e3o de idosos em asilos e domic\u00edlio para quem tem mais de 75 anos. <\/p>\n\n\n\n<p>Quando a vacina\u00e7\u00e3o se estender a outros p\u00fablicos, em Fortaleza, ser\u00e3o utilizados o&nbsp;Cuca do Jangurussu, Cuca Mondubim, Cuca Jos\u00e9 Walter, Cuca Barra do Cear\u00e1, Centro de Eventos, Arena Castel\u00e3o, est\u00e1dio Presidente Vargas e gin\u00e1sio Paulo Sarasate.&nbsp;<\/p>\n\n\n\n<figure class=\"wp-block-image size-large\"><img loading=\"lazy\" decoding=\"async\" width=\"1024\" height=\"683\" src=\"https:\/\/blogdorogeriogomes.com.br\/wp-content\/uploads\/2021\/01\/IMG-20210118-WA0179-1024x683.jpg\" alt=\"\" class=\"wp-image-19813\" srcset=\"https:\/\/blogdorogeriogomes.com.br\/noticias\/wp-content\/uploads\/2021\/01\/IMG-20210118-WA0179-1024x683.jpg 1024w, https:\/\/blogdorogeriogomes.com.br\/noticias\/wp-content\/uploads\/2021\/01\/IMG-20210118-WA0179-300x200.jpg 300w, https:\/\/blogdorogeriogomes.com.br\/noticias\/wp-content\/uploads\/2021\/01\/IMG-20210118-WA0179-768x512.jpg 768w, https:\/\/blogdorogeriogomes.com.br\/noticias\/wp-content\/uploads\/2021\/01\/IMG-20210118-WA0179-1536x1024.jpg 1536w, https:\/\/blogdorogeriogomes.com.br\/noticias\/wp-content\/uploads\/2021\/01\/IMG-20210118-WA0179-800x533.jpg 800w, https:\/\/blogdorogeriogomes.com.br\/noticias\/wp-content\/uploads\/2021\/01\/IMG-20210118-WA0179.jpg 1599w\" sizes=\"auto, (max-width: 1024px) 100vw, 1024px\" \/><\/figure>\n","protected":false},"excerpt":{"rendered":"<p>H\u00e1 um sentimento de euforia com o in\u00edcio da vacina\u00e7\u00e3o contra a Covid-19 em todo o Pa\u00eds. Mas \u00e9 importante saber que \u00e9 necess\u00e1rio se cadastrar para ter acesso \u00e0 imuniza\u00e7\u00e3o. Neste primeiro momento, s\u00f3 h\u00e1 doses da CoronaVac suficientes para vacinar apenas 109 mil pessoas no Cear\u00e1.&nbsp;Em Fortaleza ser\u00e3o 40 mil pessoas que receber\u00e3o 80 mil doses. A vacina\u00e7\u00e3o come\u00e7a de forma direcionada para grupos de maior risco.&nbsp; Na pr\u00f3xima semana ser\u00e1 lan\u00e7ada&nbsp;op\u00e7\u00e3o para agendamento em Fortaleza pelo&hellip;<\/p>\n","protected":false},"author":1,"featured_media":19813,"comment_status":"open","ping_status":"open","sticky":false,"template":"","format":"standard","meta":{"footnotes":""},"categories":[1],"tags":[],"class_list":["post-19812","post","type-post","status-publish","format-standard","has-post-thumbnail","hentry","category-noticias"],"_links":{"self":[{"href":"https:\/\/blogdorogeriogomes.com.br\/noticias\/wp-json\/wp\/v2\/posts\/19812","targetHints":{"allow":["GET"]}}],"collection":[{"href":"https:\/\/blogdorogeriogomes.com.br\/noticias\/wp-json\/wp\/v2\/posts"}],"about":[{"href":"https:\/\/blogdorogeriogomes.com.br\/noticias\/wp-json\/wp\/v2\/types\/post"}],"author":[{"embeddable":true,"href":"https:\/\/blogdorogeriogomes.com.br\/noticias\/wp-json\/wp\/v2\/users\/1"}],"replies":[{"embeddable":true,"href":"https:\/\/blogdorogeriogomes.com.br\/noticias\/wp-json\/wp\/v2\/comments?post=19812"}],"version-history":[{"count":2,"href":"https:\/\/blogdorogeriogomes.com.br\/noticias\/wp-json\/wp\/v2\/posts\/19812\/revisions"}],"predecessor-version":[{"id":19821,"href":"https:\/\/blogdorogeriogomes.com.br\/noticias\/wp-json\/wp\/v2\/posts\/19812\/revisions\/19821"}],"wp:featuredmedia":[{"embeddable":true,"href":"https:\/\/blogdorogeriogomes.com.br\/noticias\/wp-json\/wp\/v2\/media\/19813"}],"wp:attachment":[{"href":"https:\/\/blogdorogeriogomes.com.br\/noticias\/wp-json\/wp\/v2\/media?parent=19812"}],"wp:term":[{"taxonomy":"category","embeddable":true,"href":"https:\/\/blogdorogeriogomes.com.br\/noticias\/wp-json\/wp\/v2\/categories?post=19812"},{"taxonomy":"post_tag","embeddable":true,"href":"https:\/\/blogdorogeriogomes.com.br\/noticias\/wp-json\/wp\/v2\/tags?post=19812"}],"curies":[{"name":"wp","href":"https:\/\/api.w.org\/{rel}","templated":true}]}}