{"id":19818,"date":"2021-01-19T09:50:54","date_gmt":"2021-01-19T09:50:54","guid":{"rendered":"https:\/\/blogdorogeriogomes.com.br\/?p=19818"},"modified":"2021-01-19T16:59:14","modified_gmt":"2021-01-19T16:59:14","slug":"tasso-jereissati-aponta-que-conducao-da-pandemia-por-bolsonaro-e-desastrosa-e-irresponsavel","status":"publish","type":"post","link":"https:\/\/blogdorogeriogomes.com.br\/noticias\/2021\/01\/tasso-jereissati-aponta-que-conducao-da-pandemia-por-bolsonaro-e-desastrosa-e-irresponsavel\/","title":{"rendered":"Tasso Jereissati aponta que condu\u00e7\u00e3o da pandemia por Bolsonaro \u00e9 &#8220;desastrosa e irrespons\u00e1vel&#8221;"},"content":{"rendered":"\n<p>Em entrevista ao Di\u00e1rio do Nordeste, o senador cearense Tasso Jereissati (PSDB) apontou que a condu\u00e7\u00e3o da pandemia da Covid-19 pelo Governo Bolsonaro \u00e9 &#8220;desastrosa&#8221;. Para o senador tucano, o Jair Bolsonaro falhou de \u201cmaneira irrespons\u00e1vel\u201d quando desestimulou o distanciamento social e fez pouco caso da doen\u00e7a, respons\u00e1vel por mais de 210 mil mortes no Pa\u00eds.<\/p>\n\n\n\n<p>Tasso defende a uni\u00e3o entre &#8220;todos os partidos&#8221;&nbsp;do campo progressista&nbsp;contra o &#8220;extremismo&#8221; nas elei\u00e7\u00f5es de 2022, pleito em que Bolsonaro deve buscar a reelei\u00e7\u00e3o.<\/p>\n\n\n\n<p>Sobre o apoio dado a Jos\u00e9 Sarto (PDT) nas elei\u00e7\u00f5es municipais em Fortaleza, o senador cearense justificou que o alinhamento&nbsp;de Capit\u00e3o Wagner (Pros) com Jair Bolsonaro seria ruim para a Capital cearense. &#8220;Estava aliado a um grupo pol\u00edtico nacional que tem uma vis\u00e3o extremista do Pa\u00eds, que me assusta e n\u00e3o me dava conforto de se fazer aqui um ponto de apoio \u00e0&nbsp;reelei\u00e7\u00e3o de Bolsonaro\u201d, afirmou Tasso.<\/p>\n\n\n\n<figure class=\"wp-block-image size-large\"><img loading=\"lazy\" decoding=\"async\" width=\"678\" height=\"452\" src=\"https:\/\/blogdorogeriogomes.com.br\/wp-content\/uploads\/2021\/01\/images-18.jpeg\" alt=\"\" class=\"wp-image-19819\" srcset=\"https:\/\/blogdorogeriogomes.com.br\/noticias\/wp-content\/uploads\/2021\/01\/images-18.jpeg 678w, https:\/\/blogdorogeriogomes.com.br\/noticias\/wp-content\/uploads\/2021\/01\/images-18-300x200.jpeg 300w\" sizes=\"auto, (max-width: 678px) 100vw, 678px\" \/><\/figure>\n","protected":false},"excerpt":{"rendered":"<p>Em entrevista ao Di\u00e1rio do Nordeste, o senador cearense Tasso Jereissati (PSDB) apontou que a condu\u00e7\u00e3o da pandemia da Covid-19 pelo Governo Bolsonaro \u00e9 &#8220;desastrosa&#8221;. Para o senador tucano, o Jair Bolsonaro falhou de \u201cmaneira irrespons\u00e1vel\u201d quando desestimulou o distanciamento social e fez pouco caso da doen\u00e7a, respons\u00e1vel por mais de 210 mil mortes no Pa\u00eds. Tasso defende a uni\u00e3o entre &#8220;todos os partidos&#8221;&nbsp;do campo progressista&nbsp;contra o &#8220;extremismo&#8221; nas elei\u00e7\u00f5es de 2022, pleito em que Bolsonaro deve buscar a&hellip;<\/p>\n","protected":false},"author":1,"featured_media":19819,"comment_status":"open","ping_status":"open","sticky":false,"template":"","format":"standard","meta":{"footnotes":""},"categories":[1],"tags":[],"class_list":["post-19818","post","type-post","status-publish","format-standard","has-post-thumbnail","hentry","category-noticias"],"_links":{"self":[{"href":"https:\/\/blogdorogeriogomes.com.br\/noticias\/wp-json\/wp\/v2\/posts\/19818","targetHints":{"allow":["GET"]}}],"collection":[{"href":"https:\/\/blogdorogeriogomes.com.br\/noticias\/wp-json\/wp\/v2\/posts"}],"about":[{"href":"https:\/\/blogdorogeriogomes.com.br\/noticias\/wp-json\/wp\/v2\/types\/post"}],"author":[{"embeddable":true,"href":"https:\/\/blogdorogeriogomes.com.br\/noticias\/wp-json\/wp\/v2\/users\/1"}],"replies":[{"embeddable":true,"href":"https:\/\/blogdorogeriogomes.com.br\/noticias\/wp-json\/wp\/v2\/comments?post=19818"}],"version-history":[{"count":2,"href":"https:\/\/blogdorogeriogomes.com.br\/noticias\/wp-json\/wp\/v2\/posts\/19818\/revisions"}],"predecessor-version":[{"id":19822,"href":"https:\/\/blogdorogeriogomes.com.br\/noticias\/wp-json\/wp\/v2\/posts\/19818\/revisions\/19822"}],"wp:featuredmedia":[{"embeddable":true,"href":"https:\/\/blogdorogeriogomes.com.br\/noticias\/wp-json\/wp\/v2\/media\/19819"}],"wp:attachment":[{"href":"https:\/\/blogdorogeriogomes.com.br\/noticias\/wp-json\/wp\/v2\/media?parent=19818"}],"wp:term":[{"taxonomy":"category","embeddable":true,"href":"https:\/\/blogdorogeriogomes.com.br\/noticias\/wp-json\/wp\/v2\/categories?post=19818"},{"taxonomy":"post_tag","embeddable":true,"href":"https:\/\/blogdorogeriogomes.com.br\/noticias\/wp-json\/wp\/v2\/tags?post=19818"}],"curies":[{"name":"wp","href":"https:\/\/api.w.org\/{rel}","templated":true}]}}