{"id":19826,"date":"2021-01-19T20:06:10","date_gmt":"2021-01-19T20:06:10","guid":{"rendered":"https:\/\/blogdorogeriogomes.com.br\/?p=19826"},"modified":"2021-01-25T18:25:09","modified_gmt":"2021-01-25T18:25:09","slug":"prefeitura-de-fortaleza-e-sebrae-buscam-acoes-de-estimulo-a-economia-local","status":"publish","type":"post","link":"https:\/\/blogdorogeriogomes.com.br\/noticias\/2021\/01\/prefeitura-de-fortaleza-e-sebrae-buscam-acoes-de-estimulo-a-economia-local\/","title":{"rendered":"Prefeitura de Fortaleza e Sebrae buscam a\u00e7\u00f5es de est\u00edmulo \u00e0 economia local"},"content":{"rendered":"\n<p>O secret\u00e1rio Municipal do Desenvolvimento Econ\u00f4mico de Fortaleza, Rodrigo Nogueira, esteve reunido nesta segunda-feira, dia 18 de janeiro, na sede do Sebrae Cear\u00e1, com o Diretor de Administra\u00e7\u00e3o e Finan\u00e7as do Sebrae Nacional, Eduardo Diogo, e com o superintendente do Sebrae Cear\u00e1, Joaquim Cartaxo. Os gestores trataram de a\u00e7\u00f5es conjuntas entre as institui\u00e7\u00f5es para criar est\u00edmulos \u00e0 economia fortalezense.<\/p>\n\n\n\n<p>&#8220;A ideia \u00e9 estreitar as rela\u00e7\u00f5es institucionais entre a Prefeitura e o Sebrae. Queremos trabalhar em parceria para possibilitar o desenvolvimento e est\u00edmulo de novos neg\u00f3cios em Fortaleza. No final, todos saem ganhando com os resultados&#8221;, pontua o secret\u00e1rio Rodrigo Nogueira.<\/p>\n\n\n\n<figure class=\"wp-block-image size-large\"><img loading=\"lazy\" decoding=\"async\" width=\"766\" height=\"1024\" src=\"https:\/\/blogdorogeriogomes.com.br\/wp-content\/uploads\/2021\/01\/IMG-20210119-WA0139-766x1024.jpg\" alt=\"\" class=\"wp-image-19827\" srcset=\"https:\/\/blogdorogeriogomes.com.br\/noticias\/wp-content\/uploads\/2021\/01\/IMG-20210119-WA0139-766x1024.jpg 766w, https:\/\/blogdorogeriogomes.com.br\/noticias\/wp-content\/uploads\/2021\/01\/IMG-20210119-WA0139-225x300.jpg 225w, https:\/\/blogdorogeriogomes.com.br\/noticias\/wp-content\/uploads\/2021\/01\/IMG-20210119-WA0139-768x1026.jpg 768w, https:\/\/blogdorogeriogomes.com.br\/noticias\/wp-content\/uploads\/2021\/01\/IMG-20210119-WA0139-800x1069.jpg 800w, https:\/\/blogdorogeriogomes.com.br\/noticias\/wp-content\/uploads\/2021\/01\/IMG-20210119-WA0139.jpg 958w\" sizes=\"auto, (max-width: 766px) 100vw, 766px\" \/><\/figure>\n","protected":false},"excerpt":{"rendered":"<p>O secret\u00e1rio Municipal do Desenvolvimento Econ\u00f4mico de Fortaleza, Rodrigo Nogueira, esteve reunido nesta segunda-feira, dia 18 de janeiro, na sede do Sebrae Cear\u00e1, com o Diretor de Administra\u00e7\u00e3o e Finan\u00e7as do Sebrae Nacional, Eduardo Diogo, e com o superintendente do Sebrae Cear\u00e1, Joaquim Cartaxo. Os gestores trataram de a\u00e7\u00f5es conjuntas entre as institui\u00e7\u00f5es para criar est\u00edmulos \u00e0 economia fortalezense. &#8220;A ideia \u00e9 estreitar as rela\u00e7\u00f5es institucionais entre a Prefeitura e o Sebrae. Queremos trabalhar em parceria para possibilitar o&hellip;<\/p>\n","protected":false},"author":1,"featured_media":19827,"comment_status":"open","ping_status":"open","sticky":false,"template":"","format":"standard","meta":{"footnotes":""},"categories":[1],"tags":[],"class_list":["post-19826","post","type-post","status-publish","format-standard","has-post-thumbnail","hentry","category-noticias"],"_links":{"self":[{"href":"https:\/\/blogdorogeriogomes.com.br\/noticias\/wp-json\/wp\/v2\/posts\/19826","targetHints":{"allow":["GET"]}}],"collection":[{"href":"https:\/\/blogdorogeriogomes.com.br\/noticias\/wp-json\/wp\/v2\/posts"}],"about":[{"href":"https:\/\/blogdorogeriogomes.com.br\/noticias\/wp-json\/wp\/v2\/types\/post"}],"author":[{"embeddable":true,"href":"https:\/\/blogdorogeriogomes.com.br\/noticias\/wp-json\/wp\/v2\/users\/1"}],"replies":[{"embeddable":true,"href":"https:\/\/blogdorogeriogomes.com.br\/noticias\/wp-json\/wp\/v2\/comments?post=19826"}],"version-history":[{"count":1,"href":"https:\/\/blogdorogeriogomes.com.br\/noticias\/wp-json\/wp\/v2\/posts\/19826\/revisions"}],"predecessor-version":[{"id":19828,"href":"https:\/\/blogdorogeriogomes.com.br\/noticias\/wp-json\/wp\/v2\/posts\/19826\/revisions\/19828"}],"wp:featuredmedia":[{"embeddable":true,"href":"https:\/\/blogdorogeriogomes.com.br\/noticias\/wp-json\/wp\/v2\/media\/19827"}],"wp:attachment":[{"href":"https:\/\/blogdorogeriogomes.com.br\/noticias\/wp-json\/wp\/v2\/media?parent=19826"}],"wp:term":[{"taxonomy":"category","embeddable":true,"href":"https:\/\/blogdorogeriogomes.com.br\/noticias\/wp-json\/wp\/v2\/categories?post=19826"},{"taxonomy":"post_tag","embeddable":true,"href":"https:\/\/blogdorogeriogomes.com.br\/noticias\/wp-json\/wp\/v2\/tags?post=19826"}],"curies":[{"name":"wp","href":"https:\/\/api.w.org\/{rel}","templated":true}]}}