{"id":19829,"date":"2021-01-19T22:47:35","date_gmt":"2021-01-19T22:47:35","guid":{"rendered":"https:\/\/blogdorogeriogomes.com.br\/?p=19829"},"modified":"2021-01-25T18:23:19","modified_gmt":"2021-01-25T18:23:19","slug":"postura-irresponsavel-de-bolsonaro-na-compra-das-vacinas-faz-ate-o-centrao-cogitar-impeachment-do-presidente","status":"publish","type":"post","link":"https:\/\/blogdorogeriogomes.com.br\/noticias\/2021\/01\/postura-irresponsavel-de-bolsonaro-na-compra-das-vacinas-faz-ate-o-centrao-cogitar-impeachment-do-presidente\/","title":{"rendered":"Postura irrespons\u00e1vel de Bolsonaro na compra das vacinas faz at\u00e9 o Centr\u00e3o cogitar impeachment do presidente"},"content":{"rendered":"\n<p>N\u00e3o \u00e9 de hoje que a pauta pelo impeachment de Jair Bolsonaro circula no Congresso Nacional. No entanto, ap\u00f3s o presidente da Rep\u00fablica trabalhar em intensa campanha contr\u00e1ria ao desenvolvimento de vacinas contra Covid-19 por Instituto Butantan e Fiocruz, o discurso pela deposi\u00e7\u00e3o do chefe executivo deixou de ser apenas da oposi\u00e7\u00e3o para ser cogitado entre parlamentares centristas.<\/p>\n\n\n\n<p>Segundo revelou reportagem da Folha de S. Paulo, ap\u00f3s serem ouvidos diversos representantes de partidos do chamado &#8220;Centr\u00e3o&#8221;, que garante a base de sustenta\u00e7\u00e3o do presidente no Congresso, j\u00e1 conversam sobre a possibilidade de encaminhar e discutir abertamente o impeachment.<\/p>\n\n\n\n<p>Este aceno n\u00e3o significa de pronto o acato ao processo no Legislativo, tampouco a derrota de Bolsonaro na vota\u00e7\u00e3o. Mas \u00e9 um avan\u00e7o da press\u00e3o sobre a gest\u00e3o do presidente, cada dia mais com apoiadores em xeque ou em retirada.<\/p>\n\n\n\n<p>Os bastidores apontam que a vit\u00f3ria de seu ex-aliado e governador de S\u00e3o Paulo, Jo\u00e3o D\u00f3ria (PSDB), na disputa sobre aprova\u00e7\u00e3o da Coronavac, e uma potencial elei\u00e7\u00e3o de Baleia Rossi (MDB) para sucessor de Rodrigo Maia (DEM) sobre Arthur Lira (PR), apoiado de Bolsonaro, no in\u00edcio de fevereiro, podem fazer ruir ainda mais o poderio do presidente.<br>At\u00e9 l\u00e1, o apelo popular antibolsonarista est\u00e1 em crescente, endossado por muitas figuras p\u00fablicas e influenciadores digitais. A crise da pandemia e acusa\u00e7\u00e3o por crimes de responsabilidade s\u00e3o o calcanhar do atual Governo Federal.<\/p>\n\n\n\n<figure class=\"wp-block-image size-large\"><img loading=\"lazy\" decoding=\"async\" width=\"640\" height=\"340\" src=\"https:\/\/blogdorogeriogomes.com.br\/wp-content\/uploads\/2021\/01\/images-20.jpeg\" alt=\"\" class=\"wp-image-19830\" srcset=\"https:\/\/blogdorogeriogomes.com.br\/noticias\/wp-content\/uploads\/2021\/01\/images-20.jpeg 640w, https:\/\/blogdorogeriogomes.com.br\/noticias\/wp-content\/uploads\/2021\/01\/images-20-300x159.jpeg 300w\" sizes=\"auto, (max-width: 640px) 100vw, 640px\" \/><\/figure>\n","protected":false},"excerpt":{"rendered":"<p>N\u00e3o \u00e9 de hoje que a pauta pelo impeachment de Jair Bolsonaro circula no Congresso Nacional. No entanto, ap\u00f3s o presidente da Rep\u00fablica trabalhar em intensa campanha contr\u00e1ria ao desenvolvimento de vacinas contra Covid-19 por Instituto Butantan e Fiocruz, o discurso pela deposi\u00e7\u00e3o do chefe executivo deixou de ser apenas da oposi\u00e7\u00e3o para ser cogitado entre parlamentares centristas. Segundo revelou reportagem da Folha de S. Paulo, ap\u00f3s serem ouvidos diversos representantes de partidos do chamado &#8220;Centr\u00e3o&#8221;, que garante a&hellip;<\/p>\n","protected":false},"author":1,"featured_media":19830,"comment_status":"open","ping_status":"open","sticky":false,"template":"","format":"standard","meta":{"footnotes":""},"categories":[1],"tags":[],"class_list":["post-19829","post","type-post","status-publish","format-standard","has-post-thumbnail","hentry","category-noticias"],"_links":{"self":[{"href":"https:\/\/blogdorogeriogomes.com.br\/noticias\/wp-json\/wp\/v2\/posts\/19829","targetHints":{"allow":["GET"]}}],"collection":[{"href":"https:\/\/blogdorogeriogomes.com.br\/noticias\/wp-json\/wp\/v2\/posts"}],"about":[{"href":"https:\/\/blogdorogeriogomes.com.br\/noticias\/wp-json\/wp\/v2\/types\/post"}],"author":[{"embeddable":true,"href":"https:\/\/blogdorogeriogomes.com.br\/noticias\/wp-json\/wp\/v2\/users\/1"}],"replies":[{"embeddable":true,"href":"https:\/\/blogdorogeriogomes.com.br\/noticias\/wp-json\/wp\/v2\/comments?post=19829"}],"version-history":[{"count":1,"href":"https:\/\/blogdorogeriogomes.com.br\/noticias\/wp-json\/wp\/v2\/posts\/19829\/revisions"}],"predecessor-version":[{"id":19831,"href":"https:\/\/blogdorogeriogomes.com.br\/noticias\/wp-json\/wp\/v2\/posts\/19829\/revisions\/19831"}],"wp:featuredmedia":[{"embeddable":true,"href":"https:\/\/blogdorogeriogomes.com.br\/noticias\/wp-json\/wp\/v2\/media\/19830"}],"wp:attachment":[{"href":"https:\/\/blogdorogeriogomes.com.br\/noticias\/wp-json\/wp\/v2\/media?parent=19829"}],"wp:term":[{"taxonomy":"category","embeddable":true,"href":"https:\/\/blogdorogeriogomes.com.br\/noticias\/wp-json\/wp\/v2\/categories?post=19829"},{"taxonomy":"post_tag","embeddable":true,"href":"https:\/\/blogdorogeriogomes.com.br\/noticias\/wp-json\/wp\/v2\/tags?post=19829"}],"curies":[{"name":"wp","href":"https:\/\/api.w.org\/{rel}","templated":true}]}}