{"id":19835,"date":"2021-01-20T09:54:33","date_gmt":"2021-01-20T09:54:33","guid":{"rendered":"https:\/\/blogdorogeriogomes.com.br\/?p=19835"},"modified":"2021-01-25T18:22:44","modified_gmt":"2021-01-25T18:22:44","slug":"governo-do-ceara-conclui-distribuicao-das-vacinas-no-estado-mas-a-chegada-de-novas-doses-ainda-e-incerta","status":"publish","type":"post","link":"https:\/\/blogdorogeriogomes.com.br\/noticias\/2021\/01\/governo-do-ceara-conclui-distribuicao-das-vacinas-no-estado-mas-a-chegada-de-novas-doses-ainda-e-incerta\/","title":{"rendered":"Governo do Cear\u00e1 conclui distribui\u00e7\u00e3o das vacinas no Estado. Mas a chegada de novas doses ainda \u00e9 incerta"},"content":{"rendered":"\n<p>O Governo do Cear\u00e1 concluiu a distribui\u00e7\u00e3o das cerca de 218 mil doses da CoronaVac j\u00e1 recebidas por todas as regi\u00f5es do Estado. S\u00e3o 109 mil pessoas a serem imunizadas neste primeiro momento. Em Fortaleza, 742 pessoas foram vacinadas contra a Covid-19, um dia ap\u00f3s a chegada das 80 mil doses da CoronaVac destinadas somente para a Capital. De acordo com a Secretaria de Sa\u00fade de Fortaleza, foram imunizados 481 profissionais da sa\u00fade, 173 idosos do Lar Torres de Melo e 88 profissionais que atuam no local.<\/p>\n\n\n\n<p>Agora, a luta \u00e9 para conseguir mais vacinas. A Funda\u00e7\u00e3o Oswaldo Cruz (Fiocruz) j\u00e1 informou que a entrega da vacina de Oxford contra a Covid-19 vai atrasar de fevereiro para mar\u00e7o, por falta de insumos vindos da China. A produ\u00e7\u00e3o da CoronaVac pelo Instituto Butantan passa pelo mesmo problema.<\/p>\n\n\n\n<p>Governadores estaduais j\u00e1 se articulam para negociar e comprar vacinas independente do Governo Federal, que j\u00e1 se mostrou incompetente nas rela\u00e7\u00f5es diplom\u00e1ticas com a \u00cdndia e a China, principais fornecedores dos insumos para as duas vacinas aprovadas emergencialmente pela Anvisa. <\/p>\n\n\n\n<p>O fato \u00e9 que se ficarmos esperando pela &#8220;log\u00edstica&#8221; do ministro da Sa\u00fade, Eduardo Pazuello, vamos enfrentar outro problema que \u00e9 a falta de vacina para dar continuidade \u00e0 campanha contra a Covid-19.<\/p>\n\n\n\n<figure class=\"wp-block-image size-large\"><img loading=\"lazy\" decoding=\"async\" width=\"696\" height=\"389\" src=\"https:\/\/blogdorogeriogomes.com.br\/wp-content\/uploads\/2021\/01\/images-1-3.jpeg\" alt=\"\" class=\"wp-image-19836\" srcset=\"https:\/\/blogdorogeriogomes.com.br\/noticias\/wp-content\/uploads\/2021\/01\/images-1-3.jpeg 696w, https:\/\/blogdorogeriogomes.com.br\/noticias\/wp-content\/uploads\/2021\/01\/images-1-3-300x168.jpeg 300w\" sizes=\"auto, (max-width: 696px) 100vw, 696px\" \/><\/figure>\n","protected":false},"excerpt":{"rendered":"<p>O Governo do Cear\u00e1 concluiu a distribui\u00e7\u00e3o das cerca de 218 mil doses da CoronaVac j\u00e1 recebidas por todas as regi\u00f5es do Estado. S\u00e3o 109 mil pessoas a serem imunizadas neste primeiro momento. Em Fortaleza, 742 pessoas foram vacinadas contra a Covid-19, um dia ap\u00f3s a chegada das 80 mil doses da CoronaVac destinadas somente para a Capital. De acordo com a Secretaria de Sa\u00fade de Fortaleza, foram imunizados 481 profissionais da sa\u00fade, 173 idosos do Lar Torres de&hellip;<\/p>\n","protected":false},"author":1,"featured_media":19836,"comment_status":"open","ping_status":"open","sticky":false,"template":"","format":"standard","meta":{"footnotes":""},"categories":[1],"tags":[],"class_list":["post-19835","post","type-post","status-publish","format-standard","has-post-thumbnail","hentry","category-noticias"],"_links":{"self":[{"href":"https:\/\/blogdorogeriogomes.com.br\/noticias\/wp-json\/wp\/v2\/posts\/19835","targetHints":{"allow":["GET"]}}],"collection":[{"href":"https:\/\/blogdorogeriogomes.com.br\/noticias\/wp-json\/wp\/v2\/posts"}],"about":[{"href":"https:\/\/blogdorogeriogomes.com.br\/noticias\/wp-json\/wp\/v2\/types\/post"}],"author":[{"embeddable":true,"href":"https:\/\/blogdorogeriogomes.com.br\/noticias\/wp-json\/wp\/v2\/users\/1"}],"replies":[{"embeddable":true,"href":"https:\/\/blogdorogeriogomes.com.br\/noticias\/wp-json\/wp\/v2\/comments?post=19835"}],"version-history":[{"count":1,"href":"https:\/\/blogdorogeriogomes.com.br\/noticias\/wp-json\/wp\/v2\/posts\/19835\/revisions"}],"predecessor-version":[{"id":19837,"href":"https:\/\/blogdorogeriogomes.com.br\/noticias\/wp-json\/wp\/v2\/posts\/19835\/revisions\/19837"}],"wp:featuredmedia":[{"embeddable":true,"href":"https:\/\/blogdorogeriogomes.com.br\/noticias\/wp-json\/wp\/v2\/media\/19836"}],"wp:attachment":[{"href":"https:\/\/blogdorogeriogomes.com.br\/noticias\/wp-json\/wp\/v2\/media?parent=19835"}],"wp:term":[{"taxonomy":"category","embeddable":true,"href":"https:\/\/blogdorogeriogomes.com.br\/noticias\/wp-json\/wp\/v2\/categories?post=19835"},{"taxonomy":"post_tag","embeddable":true,"href":"https:\/\/blogdorogeriogomes.com.br\/noticias\/wp-json\/wp\/v2\/tags?post=19835"}],"curies":[{"name":"wp","href":"https:\/\/api.w.org\/{rel}","templated":true}]}}