{"id":19838,"date":"2021-01-20T16:00:03","date_gmt":"2021-01-20T16:00:03","guid":{"rendered":"https:\/\/blogdorogeriogomes.com.br\/?p=19838"},"modified":"2021-01-25T18:22:31","modified_gmt":"2021-01-25T18:22:31","slug":"funceme-ve-50-de-possibilidade-de-chuvas-abaixo-da-media-historica-ate-abril-no-ceara","status":"publish","type":"post","link":"https:\/\/blogdorogeriogomes.com.br\/noticias\/2021\/01\/funceme-ve-50-de-possibilidade-de-chuvas-abaixo-da-media-historica-ate-abril-no-ceara\/","title":{"rendered":"Funceme v\u00ea 50% de possibilidade de chuvas abaixo da m\u00e9dia hist\u00f3rica at\u00e9 abril no Cear\u00e1"},"content":{"rendered":"\n<p>A Funceme fez uma previs\u00e3o de chuvas para o Cear\u00e1 entre os meses de fevereiro e abril de 2021. Para os pr\u00f3ximos tr\u00eas meses, h\u00e1 50% de possibilidade de chuvas abaixo da m\u00e9dia hist\u00f3rica, 40% de precipita\u00e7\u00f5es dentro da m\u00e9dia e 10% acima do normal. Deve chover mais nas macrorregi\u00f5es Ibiapaba, Litoral Norte e Litoral do Pec\u00e9m. J\u00e1 na Regi\u00e3o Centro-Sul, a expectativa \u00e9 de chuvas mais escassas.<\/p>\n\n\n\n<p>H\u00e1 preocupa\u00e7\u00e3o com a recarga dos a\u00e7udes no interior do Cear\u00e1. De acordo com a Companhia de Gest\u00e3o dos Recursos H\u00eddricos (Cogerh), os reservat\u00f3rios cearenses est\u00e3o com 25% da capacidade.<\/p>\n\n\n\n<p>As chuvas das \u00faltimas 24 horas animaram os moradores da Zona Norte do Estado. Dentre as maiores chuvas registradas no Cear\u00e1 est\u00e3o as dos munic\u00edpios de Granja, com 86 mil\u00edmetros; Camocim, com 80 mil\u00edmetros Marco, com 74 mil\u00edmetros; e Fortim, com 64 mil\u00edmetros.<\/p>\n\n\n\n<figure class=\"wp-block-image size-large\"><img loading=\"lazy\" decoding=\"async\" width=\"678\" height=\"452\" src=\"https:\/\/blogdorogeriogomes.com.br\/wp-content\/uploads\/2021\/01\/images-2-3.jpeg\" alt=\"\" class=\"wp-image-19839\" srcset=\"https:\/\/blogdorogeriogomes.com.br\/noticias\/wp-content\/uploads\/2021\/01\/images-2-3.jpeg 678w, https:\/\/blogdorogeriogomes.com.br\/noticias\/wp-content\/uploads\/2021\/01\/images-2-3-300x200.jpeg 300w\" sizes=\"auto, (max-width: 678px) 100vw, 678px\" \/><\/figure>\n","protected":false},"excerpt":{"rendered":"<p>A Funceme fez uma previs\u00e3o de chuvas para o Cear\u00e1 entre os meses de fevereiro e abril de 2021. Para os pr\u00f3ximos tr\u00eas meses, h\u00e1 50% de possibilidade de chuvas abaixo da m\u00e9dia hist\u00f3rica, 40% de precipita\u00e7\u00f5es dentro da m\u00e9dia e 10% acima do normal. Deve chover mais nas macrorregi\u00f5es Ibiapaba, Litoral Norte e Litoral do Pec\u00e9m. J\u00e1 na Regi\u00e3o Centro-Sul, a expectativa \u00e9 de chuvas mais escassas. H\u00e1 preocupa\u00e7\u00e3o com a recarga dos a\u00e7udes no interior do Cear\u00e1.&hellip;<\/p>\n","protected":false},"author":1,"featured_media":19839,"comment_status":"open","ping_status":"open","sticky":false,"template":"","format":"standard","meta":{"footnotes":""},"categories":[1],"tags":[],"class_list":["post-19838","post","type-post","status-publish","format-standard","has-post-thumbnail","hentry","category-noticias"],"_links":{"self":[{"href":"https:\/\/blogdorogeriogomes.com.br\/noticias\/wp-json\/wp\/v2\/posts\/19838","targetHints":{"allow":["GET"]}}],"collection":[{"href":"https:\/\/blogdorogeriogomes.com.br\/noticias\/wp-json\/wp\/v2\/posts"}],"about":[{"href":"https:\/\/blogdorogeriogomes.com.br\/noticias\/wp-json\/wp\/v2\/types\/post"}],"author":[{"embeddable":true,"href":"https:\/\/blogdorogeriogomes.com.br\/noticias\/wp-json\/wp\/v2\/users\/1"}],"replies":[{"embeddable":true,"href":"https:\/\/blogdorogeriogomes.com.br\/noticias\/wp-json\/wp\/v2\/comments?post=19838"}],"version-history":[{"count":1,"href":"https:\/\/blogdorogeriogomes.com.br\/noticias\/wp-json\/wp\/v2\/posts\/19838\/revisions"}],"predecessor-version":[{"id":19840,"href":"https:\/\/blogdorogeriogomes.com.br\/noticias\/wp-json\/wp\/v2\/posts\/19838\/revisions\/19840"}],"wp:featuredmedia":[{"embeddable":true,"href":"https:\/\/blogdorogeriogomes.com.br\/noticias\/wp-json\/wp\/v2\/media\/19839"}],"wp:attachment":[{"href":"https:\/\/blogdorogeriogomes.com.br\/noticias\/wp-json\/wp\/v2\/media?parent=19838"}],"wp:term":[{"taxonomy":"category","embeddable":true,"href":"https:\/\/blogdorogeriogomes.com.br\/noticias\/wp-json\/wp\/v2\/categories?post=19838"},{"taxonomy":"post_tag","embeddable":true,"href":"https:\/\/blogdorogeriogomes.com.br\/noticias\/wp-json\/wp\/v2\/tags?post=19838"}],"curies":[{"name":"wp","href":"https:\/\/api.w.org\/{rel}","templated":true}]}}