{"id":19841,"date":"2021-01-20T18:08:35","date_gmt":"2021-01-20T18:08:35","guid":{"rendered":"https:\/\/blogdorogeriogomes.com.br\/?p=19841"},"modified":"2021-01-25T18:22:19","modified_gmt":"2021-01-25T18:22:19","slug":"prefeito-eleito-no-ceara-morre-vitima-da-covid-19-aos-42-anos","status":"publish","type":"post","link":"https:\/\/blogdorogeriogomes.com.br\/noticias\/2021\/01\/prefeito-eleito-no-ceara-morre-vitima-da-covid-19-aos-42-anos\/","title":{"rendered":"Prefeito eleito no Cear\u00e1 morre v\u00edtima da Covid-19 aos 42 anos"},"content":{"rendered":"\n<p>O prefeito de Erer\u00e9, Otoni Queiroz (PDT), faleceu nesta quarta-feira, dia 20 de janeiro, aos 42 anos, v\u00edtima da Covid-19. Vencedor das elei\u00e7\u00f5es municipais de 2020, Otoni estava internado desde o dia 10 de dezembro. No fim do ano passado, ele havia perdido a m\u00e3e, Lucinete Queiroz, 78 anos, tamb\u00e9m devido ao novo coronav\u00edrus. A prefeitura do munic\u00edpio decretou luto de tr\u00eas dias.<\/p>\n\n\n\n<p>Com o quadro delicado na sa\u00fade, o prefeito n\u00e3o chegou a tomar posse em Erer\u00e9 no dia 1\u00ba de janeiro. A vice-prefeita Emanuelle Martins (PDT) j\u00e1 havia assumido em seu lugar. A chapa pedetista foi a \u00fanica candidatura registrada para o pleito, ganhando por unanimidade.<\/p>\n\n\n\n<p>Em suas redes sociais, o governador Camilo Santana divulgou nota de pesar. &#8220;Lamento a morte do prefeito de Erer\u00e9, Otoni Queiroz, v\u00edtima da Covid. Antes de ser gestor do munic\u00edpio, Otoni era servidor da nossa Secretaria da Fazenda, onde h\u00e1 mais de 10 anos atuou como analista jur\u00eddico. Meus sentimentos aos seus familiares e amigos, e a todos os cearenses que perderam parentes para a Covid&#8221;, escreveu.<\/p>\n\n\n\n<figure class=\"wp-block-image size-large\"><img loading=\"lazy\" decoding=\"async\" width=\"418\" height=\"314\" src=\"https:\/\/blogdorogeriogomes.com.br\/wp-content\/uploads\/2021\/01\/Prefeito-de-Erere.jpg\" alt=\"\" class=\"wp-image-19842\" srcset=\"https:\/\/blogdorogeriogomes.com.br\/noticias\/wp-content\/uploads\/2021\/01\/Prefeito-de-Erere.jpg 418w, https:\/\/blogdorogeriogomes.com.br\/noticias\/wp-content\/uploads\/2021\/01\/Prefeito-de-Erere-300x225.jpg 300w, https:\/\/blogdorogeriogomes.com.br\/noticias\/wp-content\/uploads\/2021\/01\/Prefeito-de-Erere-400x300.jpg 400w\" sizes=\"auto, (max-width: 418px) 100vw, 418px\" \/><\/figure>\n","protected":false},"excerpt":{"rendered":"<p>O prefeito de Erer\u00e9, Otoni Queiroz (PDT), faleceu nesta quarta-feira, dia 20 de janeiro, aos 42 anos, v\u00edtima da Covid-19. Vencedor das elei\u00e7\u00f5es municipais de 2020, Otoni estava internado desde o dia 10 de dezembro. No fim do ano passado, ele havia perdido a m\u00e3e, Lucinete Queiroz, 78 anos, tamb\u00e9m devido ao novo coronav\u00edrus. A prefeitura do munic\u00edpio decretou luto de tr\u00eas dias. Com o quadro delicado na sa\u00fade, o prefeito n\u00e3o chegou a tomar posse em Erer\u00e9 no&hellip;<\/p>\n","protected":false},"author":1,"featured_media":19842,"comment_status":"open","ping_status":"open","sticky":false,"template":"","format":"standard","meta":{"footnotes":""},"categories":[1],"tags":[],"class_list":["post-19841","post","type-post","status-publish","format-standard","has-post-thumbnail","hentry","category-noticias"],"_links":{"self":[{"href":"https:\/\/blogdorogeriogomes.com.br\/noticias\/wp-json\/wp\/v2\/posts\/19841","targetHints":{"allow":["GET"]}}],"collection":[{"href":"https:\/\/blogdorogeriogomes.com.br\/noticias\/wp-json\/wp\/v2\/posts"}],"about":[{"href":"https:\/\/blogdorogeriogomes.com.br\/noticias\/wp-json\/wp\/v2\/types\/post"}],"author":[{"embeddable":true,"href":"https:\/\/blogdorogeriogomes.com.br\/noticias\/wp-json\/wp\/v2\/users\/1"}],"replies":[{"embeddable":true,"href":"https:\/\/blogdorogeriogomes.com.br\/noticias\/wp-json\/wp\/v2\/comments?post=19841"}],"version-history":[{"count":1,"href":"https:\/\/blogdorogeriogomes.com.br\/noticias\/wp-json\/wp\/v2\/posts\/19841\/revisions"}],"predecessor-version":[{"id":19843,"href":"https:\/\/blogdorogeriogomes.com.br\/noticias\/wp-json\/wp\/v2\/posts\/19841\/revisions\/19843"}],"wp:featuredmedia":[{"embeddable":true,"href":"https:\/\/blogdorogeriogomes.com.br\/noticias\/wp-json\/wp\/v2\/media\/19842"}],"wp:attachment":[{"href":"https:\/\/blogdorogeriogomes.com.br\/noticias\/wp-json\/wp\/v2\/media?parent=19841"}],"wp:term":[{"taxonomy":"category","embeddable":true,"href":"https:\/\/blogdorogeriogomes.com.br\/noticias\/wp-json\/wp\/v2\/categories?post=19841"},{"taxonomy":"post_tag","embeddable":true,"href":"https:\/\/blogdorogeriogomes.com.br\/noticias\/wp-json\/wp\/v2\/tags?post=19841"}],"curies":[{"name":"wp","href":"https:\/\/api.w.org\/{rel}","templated":true}]}}