{"id":19844,"date":"2021-01-20T18:14:32","date_gmt":"2021-01-20T18:14:32","guid":{"rendered":"https:\/\/blogdorogeriogomes.com.br\/?p=19844"},"modified":"2021-01-25T18:22:08","modified_gmt":"2021-01-25T18:22:08","slug":"com-aumento-de-casos-no-ceara-camilo-santana-deve-anunciar-decreto-mais-rigido-e-ampliacao-de-leitos-nesta-quinta-feira","status":"publish","type":"post","link":"https:\/\/blogdorogeriogomes.com.br\/noticias\/2021\/01\/com-aumento-de-casos-no-ceara-camilo-santana-deve-anunciar-decreto-mais-rigido-e-ampliacao-de-leitos-nesta-quinta-feira\/","title":{"rendered":"Com aumento de casos no Cear\u00e1, Camilo Santana deve anunciar decreto mais r\u00edgido e amplia\u00e7\u00e3o de leitos nesta quinta-feira"},"content":{"rendered":"\n<p>O governador Camilo Santana anunciou em suas redes sociais que a reuni\u00e3o do Comit\u00ea que delibera o Decreto Estadual ser\u00e1 adiantada para esta quinta-feira, dia 21 de janeiro, tendo em vista o aumento do n\u00famero de casos da Covid-19 no Cear\u00e1. A expectativa \u00e9 de que sejam adotadas a\u00e7\u00f5es mais r\u00edgidas de distanciamento social e seguran\u00e7a sanit\u00e1ria, assim como a amplia\u00e7\u00e3o de leitos destinados \u00e0 pandemia.<\/p>\n\n\n\n<p>&#8220;Mesmo com o in\u00edcio da vacina\u00e7\u00e3o, sem a previs\u00e3o do Minist\u00e9rio para os pr\u00f3ximos lotes, esse processo deve se estender pelos pr\u00f3ximos meses. Portanto muita gente ainda continuar\u00e1 sem imuniza\u00e7\u00e3o por um certo per\u00edodo, o que nos deixa em alerta para uma poss\u00edvel continuidade do aumento de casos e da press\u00e3o assistencial&#8221;, afirmou o governador.<\/p>\n\n\n\n<p>Camilo se disse preocupado com os indicadores da Sa\u00fade envolvendo os casos do novo coronav\u00edrus no Estado. &#8220;Continuaremos agindo com todo o rigor e responsabilidade com o objetivo priorit\u00e1rio de salvar vidas&#8221;, concluiu.<\/p>\n\n\n\n<p>A vacina\u00e7\u00e3o no Cear\u00e1 come\u00e7ou na \u00faltima segunda-feira, dia 18, mas a expectativa \u00e9 que seja um longo caminho at\u00e9 a distribui\u00e7\u00e3o de imunizantes chegar \u00e0 maior parte da popula\u00e7\u00e3o. Hoje, a ocupa\u00e7\u00e3o de leitos de UTI em Fortaleza est\u00e1 na casa dos 76%. Em tr\u00eas meses, a oferta dos leitos registrou aumento de 164%.<\/p>\n\n\n\n<figure class=\"wp-block-image size-large\"><img loading=\"lazy\" decoding=\"async\" width=\"678\" height=\"452\" src=\"https:\/\/blogdorogeriogomes.com.br\/wp-content\/uploads\/2021\/01\/images-3-3.jpeg\" alt=\"\" class=\"wp-image-19845\" srcset=\"https:\/\/blogdorogeriogomes.com.br\/noticias\/wp-content\/uploads\/2021\/01\/images-3-3.jpeg 678w, https:\/\/blogdorogeriogomes.com.br\/noticias\/wp-content\/uploads\/2021\/01\/images-3-3-300x200.jpeg 300w\" sizes=\"auto, (max-width: 678px) 100vw, 678px\" \/><\/figure>\n","protected":false},"excerpt":{"rendered":"<p>O governador Camilo Santana anunciou em suas redes sociais que a reuni\u00e3o do Comit\u00ea que delibera o Decreto Estadual ser\u00e1 adiantada para esta quinta-feira, dia 21 de janeiro, tendo em vista o aumento do n\u00famero de casos da Covid-19 no Cear\u00e1. A expectativa \u00e9 de que sejam adotadas a\u00e7\u00f5es mais r\u00edgidas de distanciamento social e seguran\u00e7a sanit\u00e1ria, assim como a amplia\u00e7\u00e3o de leitos destinados \u00e0 pandemia. &#8220;Mesmo com o in\u00edcio da vacina\u00e7\u00e3o, sem a previs\u00e3o do Minist\u00e9rio para os&hellip;<\/p>\n","protected":false},"author":1,"featured_media":19845,"comment_status":"open","ping_status":"open","sticky":false,"template":"","format":"standard","meta":{"footnotes":""},"categories":[1],"tags":[],"class_list":["post-19844","post","type-post","status-publish","format-standard","has-post-thumbnail","hentry","category-noticias"],"_links":{"self":[{"href":"https:\/\/blogdorogeriogomes.com.br\/noticias\/wp-json\/wp\/v2\/posts\/19844","targetHints":{"allow":["GET"]}}],"collection":[{"href":"https:\/\/blogdorogeriogomes.com.br\/noticias\/wp-json\/wp\/v2\/posts"}],"about":[{"href":"https:\/\/blogdorogeriogomes.com.br\/noticias\/wp-json\/wp\/v2\/types\/post"}],"author":[{"embeddable":true,"href":"https:\/\/blogdorogeriogomes.com.br\/noticias\/wp-json\/wp\/v2\/users\/1"}],"replies":[{"embeddable":true,"href":"https:\/\/blogdorogeriogomes.com.br\/noticias\/wp-json\/wp\/v2\/comments?post=19844"}],"version-history":[{"count":1,"href":"https:\/\/blogdorogeriogomes.com.br\/noticias\/wp-json\/wp\/v2\/posts\/19844\/revisions"}],"predecessor-version":[{"id":19846,"href":"https:\/\/blogdorogeriogomes.com.br\/noticias\/wp-json\/wp\/v2\/posts\/19844\/revisions\/19846"}],"wp:featuredmedia":[{"embeddable":true,"href":"https:\/\/blogdorogeriogomes.com.br\/noticias\/wp-json\/wp\/v2\/media\/19845"}],"wp:attachment":[{"href":"https:\/\/blogdorogeriogomes.com.br\/noticias\/wp-json\/wp\/v2\/media?parent=19844"}],"wp:term":[{"taxonomy":"category","embeddable":true,"href":"https:\/\/blogdorogeriogomes.com.br\/noticias\/wp-json\/wp\/v2\/categories?post=19844"},{"taxonomy":"post_tag","embeddable":true,"href":"https:\/\/blogdorogeriogomes.com.br\/noticias\/wp-json\/wp\/v2\/tags?post=19844"}],"curies":[{"name":"wp","href":"https:\/\/api.w.org\/{rel}","templated":true}]}}