{"id":19847,"date":"2021-01-21T09:32:05","date_gmt":"2021-01-21T09:32:05","guid":{"rendered":"https:\/\/blogdorogeriogomes.com.br\/?p=19847"},"modified":"2021-01-25T18:21:50","modified_gmt":"2021-01-25T18:21:50","slug":"prefeitura-reune-clubes-para-definir-reforma-do-estadio-presidente-vargas","status":"publish","type":"post","link":"https:\/\/blogdorogeriogomes.com.br\/noticias\/2021\/01\/prefeitura-reune-clubes-para-definir-reforma-do-estadio-presidente-vargas\/","title":{"rendered":"Prefeitura re\u00fane clubes para definir reforma do est\u00e1dio Presidente Vargas"},"content":{"rendered":"\n<p>A Prefeitura de Fortaleza est\u00e1 em fase de conclus\u00e3o do processo licitat\u00f3rio para a reforma do est\u00e1dio Presidente Vargas, que est\u00e1 interditado ap\u00f3s servir de local para o hospital de campanha para tratamento de pacientes com a Covid-19. O novo secret\u00e1rio de Esportes do Munic\u00edpio, Ozires Pontes, reuniu dirigentes do Cear\u00e1, Fortaleza e Ferrovi\u00e1rio para definir como ser\u00e1 o novo gramado do est\u00e1dio. A ideia \u00e9 implantar a grana sint\u00e9tica, no mesmo padr\u00e3o do Allianz Parque, est\u00e1dio do Palmeiras, em S\u00e3o Paulo. O tipo de gramado \u00e9 aprovado pela CBF e Fifa. A empresa que ganhou a licita\u00e7\u00e3o para reformar o gramado do PV \u00e9 a mesma que atuou no est\u00e1dio paulista.<\/p>\n\n\n\n<p>A reforma do gramado do PV est\u00e1 or\u00e7ada em R$ 1.946.899,79. Tamb\u00e9m ser\u00e3o executados servi\u00e7os de drenagem e a instala\u00e7\u00e3o de sistema de irriga\u00e7\u00e3o automatizado. A obra deve durar cerca de seis meses, mas ainda n\u00e3o h\u00e1 previs\u00e3o de in\u00edcio.&nbsp;Os clubes tamb\u00e9m defendem que o PV seja priorizado para os jogos de futebol, pelo fato tamb\u00e9m de ser utilizado para outros tipos de evento.<\/p>\n\n\n\n<figure class=\"wp-block-image size-large\"><img loading=\"lazy\" decoding=\"async\" width=\"678\" height=\"452\" src=\"https:\/\/blogdorogeriogomes.com.br\/wp-content\/uploads\/2021\/01\/images-4-3.jpeg\" alt=\"\" class=\"wp-image-19848\" srcset=\"https:\/\/blogdorogeriogomes.com.br\/noticias\/wp-content\/uploads\/2021\/01\/images-4-3.jpeg 678w, https:\/\/blogdorogeriogomes.com.br\/noticias\/wp-content\/uploads\/2021\/01\/images-4-3-300x200.jpeg 300w\" sizes=\"auto, (max-width: 678px) 100vw, 678px\" \/><\/figure>\n","protected":false},"excerpt":{"rendered":"<p>A Prefeitura de Fortaleza est\u00e1 em fase de conclus\u00e3o do processo licitat\u00f3rio para a reforma do est\u00e1dio Presidente Vargas, que est\u00e1 interditado ap\u00f3s servir de local para o hospital de campanha para tratamento de pacientes com a Covid-19. O novo secret\u00e1rio de Esportes do Munic\u00edpio, Ozires Pontes, reuniu dirigentes do Cear\u00e1, Fortaleza e Ferrovi\u00e1rio para definir como ser\u00e1 o novo gramado do est\u00e1dio. A ideia \u00e9 implantar a grana sint\u00e9tica, no mesmo padr\u00e3o do Allianz Parque, est\u00e1dio do Palmeiras,&hellip;<\/p>\n","protected":false},"author":1,"featured_media":19848,"comment_status":"open","ping_status":"open","sticky":false,"template":"","format":"standard","meta":{"footnotes":""},"categories":[1],"tags":[],"class_list":["post-19847","post","type-post","status-publish","format-standard","has-post-thumbnail","hentry","category-noticias"],"_links":{"self":[{"href":"https:\/\/blogdorogeriogomes.com.br\/noticias\/wp-json\/wp\/v2\/posts\/19847","targetHints":{"allow":["GET"]}}],"collection":[{"href":"https:\/\/blogdorogeriogomes.com.br\/noticias\/wp-json\/wp\/v2\/posts"}],"about":[{"href":"https:\/\/blogdorogeriogomes.com.br\/noticias\/wp-json\/wp\/v2\/types\/post"}],"author":[{"embeddable":true,"href":"https:\/\/blogdorogeriogomes.com.br\/noticias\/wp-json\/wp\/v2\/users\/1"}],"replies":[{"embeddable":true,"href":"https:\/\/blogdorogeriogomes.com.br\/noticias\/wp-json\/wp\/v2\/comments?post=19847"}],"version-history":[{"count":2,"href":"https:\/\/blogdorogeriogomes.com.br\/noticias\/wp-json\/wp\/v2\/posts\/19847\/revisions"}],"predecessor-version":[{"id":19896,"href":"https:\/\/blogdorogeriogomes.com.br\/noticias\/wp-json\/wp\/v2\/posts\/19847\/revisions\/19896"}],"wp:featuredmedia":[{"embeddable":true,"href":"https:\/\/blogdorogeriogomes.com.br\/noticias\/wp-json\/wp\/v2\/media\/19848"}],"wp:attachment":[{"href":"https:\/\/blogdorogeriogomes.com.br\/noticias\/wp-json\/wp\/v2\/media?parent=19847"}],"wp:term":[{"taxonomy":"category","embeddable":true,"href":"https:\/\/blogdorogeriogomes.com.br\/noticias\/wp-json\/wp\/v2\/categories?post=19847"},{"taxonomy":"post_tag","embeddable":true,"href":"https:\/\/blogdorogeriogomes.com.br\/noticias\/wp-json\/wp\/v2\/tags?post=19847"}],"curies":[{"name":"wp","href":"https:\/\/api.w.org\/{rel}","templated":true}]}}