{"id":19856,"date":"2021-01-22T09:24:12","date_gmt":"2021-01-22T09:24:12","guid":{"rendered":"https:\/\/blogdorogeriogomes.com.br\/?p=19856"},"modified":"2021-01-25T18:20:10","modified_gmt":"2021-01-25T18:20:10","slug":"transporte-publico-na-capital-tera-fiscalizacao-reforcada-quanto-a-lotacao-dos-coletivos","status":"publish","type":"post","link":"https:\/\/blogdorogeriogomes.com.br\/noticias\/2021\/01\/transporte-publico-na-capital-tera-fiscalizacao-reforcada-quanto-a-lotacao-dos-coletivos\/","title":{"rendered":"Transporte p\u00fablico na Capital ter\u00e1 fiscaliza\u00e7\u00e3o refor\u00e7ada quanto a lota\u00e7\u00e3o dos coletivos"},"content":{"rendered":"\n<p>Uma das maiores reclama\u00e7\u00f5es dos usu\u00e1rios de \u00f4nibus em Fortaleza em tempos de pandemia da Covid-19 \u00e9 quanto a lota\u00e7\u00e3o dos coletivos, o que favorece a contamina\u00e7\u00e3o pelo coronav\u00edrus. O governador Camilo Santana afirmou que vai se reunir com o setor de transporte para discutir a\u00e7\u00f5es e tentar diminuir as aglomera\u00e7\u00f5es de passageiros nos \u00f4nibus. A ideia \u00e9 investir em fiscaliza\u00e7\u00e3o do Poder P\u00fablico. &#8220;Vamos trabalhar uma fiscaliza\u00e7\u00e3o e alternativas para reduzir o problema da aglomera\u00e7\u00e3o nos transportes p\u00fablicos. Este ser\u00e1 um dos nossos focos agora&#8221;, destacou o governador do Cear\u00e1.<\/p>\n\n\n\n<p>O novo decreto governamental publicado nesta quinta-feira, dia 21 de janeiro, tamb\u00e9m determina que estabelecimentos que descumpram normas sanit\u00e1rias estabelecidas para cada atividade recebam multa e interdi\u00e7\u00e3o imediata por sete dias. Em caso de reincid\u00eancia, a interdi\u00e7\u00e3o ser\u00e1 de 30 dias.&nbsp;<\/p>\n\n\n\n<figure class=\"wp-block-image size-large\"><img loading=\"lazy\" decoding=\"async\" width=\"768\" height=\"1024\" src=\"https:\/\/blogdorogeriogomes.com.br\/wp-content\/uploads\/2021\/01\/whatsapp-image-2020-05-25-at-06.54.35-1--768x1024.jpeg\" alt=\"\" class=\"wp-image-19857\" srcset=\"https:\/\/blogdorogeriogomes.com.br\/noticias\/wp-content\/uploads\/2021\/01\/whatsapp-image-2020-05-25-at-06.54.35-1--768x1024.jpeg 768w, https:\/\/blogdorogeriogomes.com.br\/noticias\/wp-content\/uploads\/2021\/01\/whatsapp-image-2020-05-25-at-06.54.35-1--225x300.jpeg 225w, https:\/\/blogdorogeriogomes.com.br\/noticias\/wp-content\/uploads\/2021\/01\/whatsapp-image-2020-05-25-at-06.54.35-1--800x1067.jpeg 800w, https:\/\/blogdorogeriogomes.com.br\/noticias\/wp-content\/uploads\/2021\/01\/whatsapp-image-2020-05-25-at-06.54.35-1-.jpeg 984w\" sizes=\"auto, (max-width: 768px) 100vw, 768px\" \/><\/figure>\n","protected":false},"excerpt":{"rendered":"<p>Uma das maiores reclama\u00e7\u00f5es dos usu\u00e1rios de \u00f4nibus em Fortaleza em tempos de pandemia da Covid-19 \u00e9 quanto a lota\u00e7\u00e3o dos coletivos, o que favorece a contamina\u00e7\u00e3o pelo coronav\u00edrus. O governador Camilo Santana afirmou que vai se reunir com o setor de transporte para discutir a\u00e7\u00f5es e tentar diminuir as aglomera\u00e7\u00f5es de passageiros nos \u00f4nibus. A ideia \u00e9 investir em fiscaliza\u00e7\u00e3o do Poder P\u00fablico. &#8220;Vamos trabalhar uma fiscaliza\u00e7\u00e3o e alternativas para reduzir o problema da aglomera\u00e7\u00e3o nos transportes p\u00fablicos.&hellip;<\/p>\n","protected":false},"author":1,"featured_media":19857,"comment_status":"open","ping_status":"open","sticky":false,"template":"","format":"standard","meta":{"footnotes":""},"categories":[1],"tags":[],"class_list":["post-19856","post","type-post","status-publish","format-standard","has-post-thumbnail","hentry","category-noticias"],"_links":{"self":[{"href":"https:\/\/blogdorogeriogomes.com.br\/noticias\/wp-json\/wp\/v2\/posts\/19856","targetHints":{"allow":["GET"]}}],"collection":[{"href":"https:\/\/blogdorogeriogomes.com.br\/noticias\/wp-json\/wp\/v2\/posts"}],"about":[{"href":"https:\/\/blogdorogeriogomes.com.br\/noticias\/wp-json\/wp\/v2\/types\/post"}],"author":[{"embeddable":true,"href":"https:\/\/blogdorogeriogomes.com.br\/noticias\/wp-json\/wp\/v2\/users\/1"}],"replies":[{"embeddable":true,"href":"https:\/\/blogdorogeriogomes.com.br\/noticias\/wp-json\/wp\/v2\/comments?post=19856"}],"version-history":[{"count":2,"href":"https:\/\/blogdorogeriogomes.com.br\/noticias\/wp-json\/wp\/v2\/posts\/19856\/revisions"}],"predecessor-version":[{"id":19895,"href":"https:\/\/blogdorogeriogomes.com.br\/noticias\/wp-json\/wp\/v2\/posts\/19856\/revisions\/19895"}],"wp:featuredmedia":[{"embeddable":true,"href":"https:\/\/blogdorogeriogomes.com.br\/noticias\/wp-json\/wp\/v2\/media\/19857"}],"wp:attachment":[{"href":"https:\/\/blogdorogeriogomes.com.br\/noticias\/wp-json\/wp\/v2\/media?parent=19856"}],"wp:term":[{"taxonomy":"category","embeddable":true,"href":"https:\/\/blogdorogeriogomes.com.br\/noticias\/wp-json\/wp\/v2\/categories?post=19856"},{"taxonomy":"post_tag","embeddable":true,"href":"https:\/\/blogdorogeriogomes.com.br\/noticias\/wp-json\/wp\/v2\/tags?post=19856"}],"curies":[{"name":"wp","href":"https:\/\/api.w.org\/{rel}","templated":true}]}}