{"id":19859,"date":"2021-01-22T09:41:45","date_gmt":"2021-01-22T09:41:45","guid":{"rendered":"https:\/\/blogdorogeriogomes.com.br\/?p=19859"},"modified":"2021-01-25T18:19:59","modified_gmt":"2021-01-25T18:19:59","slug":"ministerio-publico-investiga-pessoas-que-furaram-a-fila-da-vacina-contra-a-covid-19-em-12-estados","status":"publish","type":"post","link":"https:\/\/blogdorogeriogomes.com.br\/noticias\/2021\/01\/ministerio-publico-investiga-pessoas-que-furaram-a-fila-da-vacina-contra-a-covid-19-em-12-estados\/","title":{"rendered":"Minist\u00e9rio P\u00fablico investiga pessoas que furaram a fila da vacina contra a Covid-19 em 12 estados"},"content":{"rendered":"\n<p>Al\u00e9m de poucas doses da vacina contra a Covid-19 dispon\u00edveis em todo o Pa\u00eds, brasileiros assistem um desfile de pol\u00edticos, empres\u00e1rios e funcion\u00e1rios p\u00fablicos receberam doses da CoronaVac mesmo n\u00e3o sendo parte dos grupos priorit\u00e1rios definidos pelos Governos Federal e Estaduais. O mais incr\u00edvel \u00e9 que muitos deles, bolsonaristas e negacionistas, que at\u00e9 ontem criticavam publicamente a vacina e recomendavam o n\u00e3o uso dela.<\/p>\n\n\n\n<p>Em pelo menos 12 estados e no Distrito Federal, o Minist\u00e9rio P\u00fablico apura se houve irregularidade nas condutas, com a fila de grupos priorit\u00e1rios sendo &#8220;furada&#8221;.<\/p>\n\n\n\n<p>A irregularidade pode incorrer em crimes de prevarica\u00e7\u00e3o, que \u00e9 a omiss\u00e3o de um agente p\u00fablico, improbidade administrativa e dano coletivo. Quem furar a fila pode ser detido e pagar multa.<\/p>\n\n\n\n<p>Segundo o Plano Nacional de Imuniza\u00e7\u00e3o, h\u00e1 14,9 milh\u00f5es de pessoas que precisariam ser vacinadas na primeira fase. As doses dispon\u00edveis s\u00f3 conseguem imunizar pouco mais de 2,8 milh\u00f5es de pessoas.<\/p>\n\n\n\n<figure class=\"wp-block-image size-large\"><img loading=\"lazy\" decoding=\"async\" width=\"984\" height=\"656\" src=\"https:\/\/blogdorogeriogomes.com.br\/wp-content\/uploads\/2021\/01\/primeiro-dia-nos-drives-thrus-imuniza-3.914-profissionais-de-saude-contra-a-covid-194.jpg\" alt=\"\" class=\"wp-image-19860\" srcset=\"https:\/\/blogdorogeriogomes.com.br\/noticias\/wp-content\/uploads\/2021\/01\/primeiro-dia-nos-drives-thrus-imuniza-3.914-profissionais-de-saude-contra-a-covid-194.jpg 984w, https:\/\/blogdorogeriogomes.com.br\/noticias\/wp-content\/uploads\/2021\/01\/primeiro-dia-nos-drives-thrus-imuniza-3.914-profissionais-de-saude-contra-a-covid-194-300x200.jpg 300w, https:\/\/blogdorogeriogomes.com.br\/noticias\/wp-content\/uploads\/2021\/01\/primeiro-dia-nos-drives-thrus-imuniza-3.914-profissionais-de-saude-contra-a-covid-194-768x512.jpg 768w, https:\/\/blogdorogeriogomes.com.br\/noticias\/wp-content\/uploads\/2021\/01\/primeiro-dia-nos-drives-thrus-imuniza-3.914-profissionais-de-saude-contra-a-covid-194-800x533.jpg 800w\" sizes=\"auto, (max-width: 984px) 100vw, 984px\" \/><\/figure>\n","protected":false},"excerpt":{"rendered":"<p>Al\u00e9m de poucas doses da vacina contra a Covid-19 dispon\u00edveis em todo o Pa\u00eds, brasileiros assistem um desfile de pol\u00edticos, empres\u00e1rios e funcion\u00e1rios p\u00fablicos receberam doses da CoronaVac mesmo n\u00e3o sendo parte dos grupos priorit\u00e1rios definidos pelos Governos Federal e Estaduais. O mais incr\u00edvel \u00e9 que muitos deles, bolsonaristas e negacionistas, que at\u00e9 ontem criticavam publicamente a vacina e recomendavam o n\u00e3o uso dela. Em pelo menos 12 estados e no Distrito Federal, o Minist\u00e9rio P\u00fablico apura se houve&hellip;<\/p>\n","protected":false},"author":1,"featured_media":19860,"comment_status":"open","ping_status":"open","sticky":false,"template":"","format":"standard","meta":{"footnotes":""},"categories":[1],"tags":[],"class_list":["post-19859","post","type-post","status-publish","format-standard","has-post-thumbnail","hentry","category-noticias"],"_links":{"self":[{"href":"https:\/\/blogdorogeriogomes.com.br\/noticias\/wp-json\/wp\/v2\/posts\/19859","targetHints":{"allow":["GET"]}}],"collection":[{"href":"https:\/\/blogdorogeriogomes.com.br\/noticias\/wp-json\/wp\/v2\/posts"}],"about":[{"href":"https:\/\/blogdorogeriogomes.com.br\/noticias\/wp-json\/wp\/v2\/types\/post"}],"author":[{"embeddable":true,"href":"https:\/\/blogdorogeriogomes.com.br\/noticias\/wp-json\/wp\/v2\/users\/1"}],"replies":[{"embeddable":true,"href":"https:\/\/blogdorogeriogomes.com.br\/noticias\/wp-json\/wp\/v2\/comments?post=19859"}],"version-history":[{"count":1,"href":"https:\/\/blogdorogeriogomes.com.br\/noticias\/wp-json\/wp\/v2\/posts\/19859\/revisions"}],"predecessor-version":[{"id":19861,"href":"https:\/\/blogdorogeriogomes.com.br\/noticias\/wp-json\/wp\/v2\/posts\/19859\/revisions\/19861"}],"wp:featuredmedia":[{"embeddable":true,"href":"https:\/\/blogdorogeriogomes.com.br\/noticias\/wp-json\/wp\/v2\/media\/19860"}],"wp:attachment":[{"href":"https:\/\/blogdorogeriogomes.com.br\/noticias\/wp-json\/wp\/v2\/media?parent=19859"}],"wp:term":[{"taxonomy":"category","embeddable":true,"href":"https:\/\/blogdorogeriogomes.com.br\/noticias\/wp-json\/wp\/v2\/categories?post=19859"},{"taxonomy":"post_tag","embeddable":true,"href":"https:\/\/blogdorogeriogomes.com.br\/noticias\/wp-json\/wp\/v2\/tags?post=19859"}],"curies":[{"name":"wp","href":"https:\/\/api.w.org\/{rel}","templated":true}]}}