{"id":19865,"date":"2021-01-22T19:55:17","date_gmt":"2021-01-22T19:55:17","guid":{"rendered":"https:\/\/blogdorogeriogomes.com.br\/?p=19865"},"modified":"2021-01-25T18:19:30","modified_gmt":"2021-01-25T18:19:30","slug":"fortaleza-tem-consumo-de-bebida-alcoolica-em-ambientes-publicos-proibido-apos-as-22-horas","status":"publish","type":"post","link":"https:\/\/blogdorogeriogomes.com.br\/noticias\/2021\/01\/fortaleza-tem-consumo-de-bebida-alcoolica-em-ambientes-publicos-proibido-apos-as-22-horas\/","title":{"rendered":"Fortaleza tem consumo de bebida alco\u00f3lica em ambientes p\u00fablicos proibido ap\u00f3s as 22 horas"},"content":{"rendered":"\n<p>Diante do aumento de casos da Covid-19 em Fortaleza, um novo decreto municipal passa a proibir, a partir desta sexta-feira, dia 22 de janeiro, o consumo de bebida alco\u00f3lica nos estabelecimentos comerciais da Capital ap\u00f3s as 22 horas. O objetivo \u00e9 barrar a segunda onda da pandemia de Covid-19 evitando aglomera\u00e7\u00f5es em bares e restaurantes.<\/p>\n\n\n\n<p>A a\u00e7\u00e3o na cidade ocorre em parceria entre a Prefeitura de Fortaleza e o Governo do Cear\u00e1, com atua\u00e7\u00e3o de \u00f3rg\u00e3os de seguran\u00e7a e fiscaliza\u00e7\u00e3o municipal em pontos como Praia de Iracema, Beira Mar e Benfica. Avenidas onde funcionam polos tradicionais receber\u00e3o trabalho intenso de Pol\u00edcia Militar e Corpo dos Bombeiros para evitar o consumo local de bebidas.<\/p>\n\n\n\n<p>O secret\u00e1rio municipal de Seguran\u00e7a Cidad\u00e3, coronel Eduardo Holanda, argumenta que essa proibi\u00e7\u00e3o visa garantir o controle da seguran\u00e7a sanit\u00e1ria da popula\u00e7\u00e3o e precisa ser acatada com responsabilidade. &#8220;Exemplo bem cl\u00e1ssico: pessoas v\u00e3o aos postos de gasolina, l\u00e1 compram bebida e ficam fazendo uso da bebida nos postos de conveni\u00eancia ou ao redor do posto de gasolina. Isso a partir de hoje est\u00e1 proibido&#8221;, disse.<\/p>\n\n\n\n<p>A nova medida ser\u00e1 alvo de fiscaliza\u00e7\u00e3o rigorosa por parte da Agefis, Vigil\u00e2ncia Sanit\u00e1ria e Pol\u00edcia Militar em toda a Capital.<\/p>\n\n\n\n<figure class=\"wp-block-image size-large\"><img loading=\"lazy\" decoding=\"async\" width=\"450\" height=\"337\" src=\"https:\/\/blogdorogeriogomes.com.br\/wp-content\/uploads\/2021\/01\/images-5-3.jpeg\" alt=\"\" class=\"wp-image-19866\" srcset=\"https:\/\/blogdorogeriogomes.com.br\/noticias\/wp-content\/uploads\/2021\/01\/images-5-3.jpeg 450w, https:\/\/blogdorogeriogomes.com.br\/noticias\/wp-content\/uploads\/2021\/01\/images-5-3-300x225.jpeg 300w, https:\/\/blogdorogeriogomes.com.br\/noticias\/wp-content\/uploads\/2021\/01\/images-5-3-400x300.jpeg 400w\" sizes=\"auto, (max-width: 450px) 100vw, 450px\" \/><\/figure>\n","protected":false},"excerpt":{"rendered":"<p>Diante do aumento de casos da Covid-19 em Fortaleza, um novo decreto municipal passa a proibir, a partir desta sexta-feira, dia 22 de janeiro, o consumo de bebida alco\u00f3lica nos estabelecimentos comerciais da Capital ap\u00f3s as 22 horas. O objetivo \u00e9 barrar a segunda onda da pandemia de Covid-19 evitando aglomera\u00e7\u00f5es em bares e restaurantes. A a\u00e7\u00e3o na cidade ocorre em parceria entre a Prefeitura de Fortaleza e o Governo do Cear\u00e1, com atua\u00e7\u00e3o de \u00f3rg\u00e3os de seguran\u00e7a e&hellip;<\/p>\n","protected":false},"author":1,"featured_media":19866,"comment_status":"open","ping_status":"open","sticky":false,"template":"","format":"standard","meta":{"footnotes":""},"categories":[1],"tags":[],"class_list":["post-19865","post","type-post","status-publish","format-standard","has-post-thumbnail","hentry","category-noticias"],"_links":{"self":[{"href":"https:\/\/blogdorogeriogomes.com.br\/noticias\/wp-json\/wp\/v2\/posts\/19865","targetHints":{"allow":["GET"]}}],"collection":[{"href":"https:\/\/blogdorogeriogomes.com.br\/noticias\/wp-json\/wp\/v2\/posts"}],"about":[{"href":"https:\/\/blogdorogeriogomes.com.br\/noticias\/wp-json\/wp\/v2\/types\/post"}],"author":[{"embeddable":true,"href":"https:\/\/blogdorogeriogomes.com.br\/noticias\/wp-json\/wp\/v2\/users\/1"}],"replies":[{"embeddable":true,"href":"https:\/\/blogdorogeriogomes.com.br\/noticias\/wp-json\/wp\/v2\/comments?post=19865"}],"version-history":[{"count":1,"href":"https:\/\/blogdorogeriogomes.com.br\/noticias\/wp-json\/wp\/v2\/posts\/19865\/revisions"}],"predecessor-version":[{"id":19867,"href":"https:\/\/blogdorogeriogomes.com.br\/noticias\/wp-json\/wp\/v2\/posts\/19865\/revisions\/19867"}],"wp:featuredmedia":[{"embeddable":true,"href":"https:\/\/blogdorogeriogomes.com.br\/noticias\/wp-json\/wp\/v2\/media\/19866"}],"wp:attachment":[{"href":"https:\/\/blogdorogeriogomes.com.br\/noticias\/wp-json\/wp\/v2\/media?parent=19865"}],"wp:term":[{"taxonomy":"category","embeddable":true,"href":"https:\/\/blogdorogeriogomes.com.br\/noticias\/wp-json\/wp\/v2\/categories?post=19865"},{"taxonomy":"post_tag","embeddable":true,"href":"https:\/\/blogdorogeriogomes.com.br\/noticias\/wp-json\/wp\/v2\/tags?post=19865"}],"curies":[{"name":"wp","href":"https:\/\/api.w.org\/{rel}","templated":true}]}}