{"id":19868,"date":"2021-01-22T20:51:05","date_gmt":"2021-01-22T20:51:05","guid":{"rendered":"https:\/\/blogdorogeriogomes.com.br\/?p=19868"},"modified":"2021-01-25T18:19:19","modified_gmt":"2021-01-25T18:19:19","slug":"camilo-santana-anuncia-que-vacina-da-oxford-chegara-ao-ceara-nos-proximos-dias","status":"publish","type":"post","link":"https:\/\/blogdorogeriogomes.com.br\/noticias\/2021\/01\/camilo-santana-anuncia-que-vacina-da-oxford-chegara-ao-ceara-nos-proximos-dias\/","title":{"rendered":"Camilo Santana anuncia que vacina da Oxford chegar\u00e1 ao Cear\u00e1 nos pr\u00f3ximos dias"},"content":{"rendered":"\n<p>O governador Camilo Santana (PT) divulgou em suas redes sociais que a primeira leva da vacina Oxford\/AstraZeneca j\u00e1 est\u00e1 sendo encaminhada para o Estado do Cear\u00e1 nos pr\u00f3ximos dias. Ao todo 2 milh\u00f5es de doses do imunizante devem chegar ao Brasil vindas da \u00cdndia nesta sexta-feira, dia 22 de janeiro.<\/p>\n\n\n\n<p>Camilo informou que tem mantido conversas com o ministro da Sa\u00fade, Eduardo Pazuello, e com a presidente da Fiocruz, N\u00edsia Trindade, com o objetivo de agilizar a aquisi\u00e7\u00e3o de mais vacinas para o Cear\u00e1.<\/p>\n\n\n\n<p>&#8220;Farei todo o esfor\u00e7o necess\u00e1rio para agilizar essa imuniza\u00e7\u00e3o dos cearenses. Enquanto a vacina n\u00e3o chega para todos, devemos continuar tomando os cuidados para evitar a contamina\u00e7\u00e3o. Houve aumento consider\u00e1vel de casos e, somente com a preven\u00e7\u00e3o, conseguiremos evitar que esse aumento continue e evitar que mais cearenses percam a vida&#8221;, escreveu o governador nas redes.<\/p>\n\n\n\n<figure class=\"wp-block-image size-large\"><img loading=\"lazy\" decoding=\"async\" width=\"700\" height=\"394\" src=\"https:\/\/blogdorogeriogomes.com.br\/wp-content\/uploads\/2021\/01\/images-6-2.jpeg\" alt=\"\" class=\"wp-image-19869\" srcset=\"https:\/\/blogdorogeriogomes.com.br\/noticias\/wp-content\/uploads\/2021\/01\/images-6-2.jpeg 700w, https:\/\/blogdorogeriogomes.com.br\/noticias\/wp-content\/uploads\/2021\/01\/images-6-2-300x169.jpeg 300w\" sizes=\"auto, (max-width: 700px) 100vw, 700px\" \/><\/figure>\n","protected":false},"excerpt":{"rendered":"<p>O governador Camilo Santana (PT) divulgou em suas redes sociais que a primeira leva da vacina Oxford\/AstraZeneca j\u00e1 est\u00e1 sendo encaminhada para o Estado do Cear\u00e1 nos pr\u00f3ximos dias. Ao todo 2 milh\u00f5es de doses do imunizante devem chegar ao Brasil vindas da \u00cdndia nesta sexta-feira, dia 22 de janeiro. Camilo informou que tem mantido conversas com o ministro da Sa\u00fade, Eduardo Pazuello, e com a presidente da Fiocruz, N\u00edsia Trindade, com o objetivo de agilizar a aquisi\u00e7\u00e3o de&hellip;<\/p>\n","protected":false},"author":1,"featured_media":19869,"comment_status":"open","ping_status":"open","sticky":false,"template":"","format":"standard","meta":{"footnotes":""},"categories":[1],"tags":[],"class_list":["post-19868","post","type-post","status-publish","format-standard","has-post-thumbnail","hentry","category-noticias"],"_links":{"self":[{"href":"https:\/\/blogdorogeriogomes.com.br\/noticias\/wp-json\/wp\/v2\/posts\/19868","targetHints":{"allow":["GET"]}}],"collection":[{"href":"https:\/\/blogdorogeriogomes.com.br\/noticias\/wp-json\/wp\/v2\/posts"}],"about":[{"href":"https:\/\/blogdorogeriogomes.com.br\/noticias\/wp-json\/wp\/v2\/types\/post"}],"author":[{"embeddable":true,"href":"https:\/\/blogdorogeriogomes.com.br\/noticias\/wp-json\/wp\/v2\/users\/1"}],"replies":[{"embeddable":true,"href":"https:\/\/blogdorogeriogomes.com.br\/noticias\/wp-json\/wp\/v2\/comments?post=19868"}],"version-history":[{"count":1,"href":"https:\/\/blogdorogeriogomes.com.br\/noticias\/wp-json\/wp\/v2\/posts\/19868\/revisions"}],"predecessor-version":[{"id":19870,"href":"https:\/\/blogdorogeriogomes.com.br\/noticias\/wp-json\/wp\/v2\/posts\/19868\/revisions\/19870"}],"wp:featuredmedia":[{"embeddable":true,"href":"https:\/\/blogdorogeriogomes.com.br\/noticias\/wp-json\/wp\/v2\/media\/19869"}],"wp:attachment":[{"href":"https:\/\/blogdorogeriogomes.com.br\/noticias\/wp-json\/wp\/v2\/media?parent=19868"}],"wp:term":[{"taxonomy":"category","embeddable":true,"href":"https:\/\/blogdorogeriogomes.com.br\/noticias\/wp-json\/wp\/v2\/categories?post=19868"},{"taxonomy":"post_tag","embeddable":true,"href":"https:\/\/blogdorogeriogomes.com.br\/noticias\/wp-json\/wp\/v2\/tags?post=19868"}],"curies":[{"name":"wp","href":"https:\/\/api.w.org\/{rel}","templated":true}]}}