{"id":19871,"date":"2021-01-23T20:01:11","date_gmt":"2021-01-23T20:01:11","guid":{"rendered":"https:\/\/blogdorogeriogomes.com.br\/?p=19871"},"modified":"2021-01-25T18:19:06","modified_gmt":"2021-01-25T18:19:06","slug":"capitais-pelo-brasil-registram-carreatas-contra-bolsonaro-e-a-favor-da-vacina-da-covid-19","status":"publish","type":"post","link":"https:\/\/blogdorogeriogomes.com.br\/noticias\/2021\/01\/capitais-pelo-brasil-registram-carreatas-contra-bolsonaro-e-a-favor-da-vacina-da-covid-19\/","title":{"rendered":"Capitais pelo Brasil registram carreatas contra Bolsonaro e \u00e0 favor da vacina da Covid-19"},"content":{"rendered":"\n<p>O s\u00e1bado, dia 23 de janeiro, foi de carreatas pelo Pa\u00eds contra o presidente Jair Bolsonaro e favor\u00e1veis \u00e0 distribui\u00e7\u00e3o da vacina contra a Covid-19 para toda a popula\u00e7\u00e3o. Os atos foram convocados em protesto pelo agravamento da crise do coronav\u00edrus e dificuldade do governo federal de agilizar uma ampla campanha de vacina\u00e7\u00e3o no Brasil.<\/p>\n\n\n\n<p>Cidades como Bel\u00e9m, S\u00e3o Paulo, Campinas (SP), Rio de Janeiro, Recife e Bras\u00edlia registraram manifesta\u00e7\u00f5es que pedem o impeachment do presidente Jair Bolsonaro.<\/p>\n\n\n\n<p>Segundo pesquisa do Datafolha, divulgada na \u00faltima sexta-feira, dia 22 de janeiro, Bolsonaro \u00e9 avaliado como ruim ou p\u00e9ssimo por 40% da popula\u00e7\u00e3o, ante 32% que assim o consideravam na rodada anterior da pesquisa, no come\u00e7o de dezembro passado.<\/p>\n\n\n\n<figure class=\"wp-block-image size-large\"><img loading=\"lazy\" decoding=\"async\" width=\"984\" height=\"654\" src=\"https:\/\/blogdorogeriogomes.com.br\/wp-content\/uploads\/2021\/01\/fup20210123266.jpg\" alt=\"\" class=\"wp-image-19872\" srcset=\"https:\/\/blogdorogeriogomes.com.br\/noticias\/wp-content\/uploads\/2021\/01\/fup20210123266.jpg 984w, https:\/\/blogdorogeriogomes.com.br\/noticias\/wp-content\/uploads\/2021\/01\/fup20210123266-300x199.jpg 300w, https:\/\/blogdorogeriogomes.com.br\/noticias\/wp-content\/uploads\/2021\/01\/fup20210123266-768x510.jpg 768w, https:\/\/blogdorogeriogomes.com.br\/noticias\/wp-content\/uploads\/2021\/01\/fup20210123266-800x532.jpg 800w\" sizes=\"auto, (max-width: 984px) 100vw, 984px\" \/><\/figure>\n","protected":false},"excerpt":{"rendered":"<p>O s\u00e1bado, dia 23 de janeiro, foi de carreatas pelo Pa\u00eds contra o presidente Jair Bolsonaro e favor\u00e1veis \u00e0 distribui\u00e7\u00e3o da vacina contra a Covid-19 para toda a popula\u00e7\u00e3o. Os atos foram convocados em protesto pelo agravamento da crise do coronav\u00edrus e dificuldade do governo federal de agilizar uma ampla campanha de vacina\u00e7\u00e3o no Brasil. Cidades como Bel\u00e9m, S\u00e3o Paulo, Campinas (SP), Rio de Janeiro, Recife e Bras\u00edlia registraram manifesta\u00e7\u00f5es que pedem o impeachment do presidente Jair Bolsonaro. Segundo&hellip;<\/p>\n","protected":false},"author":1,"featured_media":19872,"comment_status":"open","ping_status":"open","sticky":false,"template":"","format":"standard","meta":{"footnotes":""},"categories":[1],"tags":[],"class_list":["post-19871","post","type-post","status-publish","format-standard","has-post-thumbnail","hentry","category-noticias"],"_links":{"self":[{"href":"https:\/\/blogdorogeriogomes.com.br\/noticias\/wp-json\/wp\/v2\/posts\/19871","targetHints":{"allow":["GET"]}}],"collection":[{"href":"https:\/\/blogdorogeriogomes.com.br\/noticias\/wp-json\/wp\/v2\/posts"}],"about":[{"href":"https:\/\/blogdorogeriogomes.com.br\/noticias\/wp-json\/wp\/v2\/types\/post"}],"author":[{"embeddable":true,"href":"https:\/\/blogdorogeriogomes.com.br\/noticias\/wp-json\/wp\/v2\/users\/1"}],"replies":[{"embeddable":true,"href":"https:\/\/blogdorogeriogomes.com.br\/noticias\/wp-json\/wp\/v2\/comments?post=19871"}],"version-history":[{"count":1,"href":"https:\/\/blogdorogeriogomes.com.br\/noticias\/wp-json\/wp\/v2\/posts\/19871\/revisions"}],"predecessor-version":[{"id":19873,"href":"https:\/\/blogdorogeriogomes.com.br\/noticias\/wp-json\/wp\/v2\/posts\/19871\/revisions\/19873"}],"wp:featuredmedia":[{"embeddable":true,"href":"https:\/\/blogdorogeriogomes.com.br\/noticias\/wp-json\/wp\/v2\/media\/19872"}],"wp:attachment":[{"href":"https:\/\/blogdorogeriogomes.com.br\/noticias\/wp-json\/wp\/v2\/media?parent=19871"}],"wp:term":[{"taxonomy":"category","embeddable":true,"href":"https:\/\/blogdorogeriogomes.com.br\/noticias\/wp-json\/wp\/v2\/categories?post=19871"},{"taxonomy":"post_tag","embeddable":true,"href":"https:\/\/blogdorogeriogomes.com.br\/noticias\/wp-json\/wp\/v2\/tags?post=19871"}],"curies":[{"name":"wp","href":"https:\/\/api.w.org\/{rel}","templated":true}]}}