{"id":19874,"date":"2021-01-23T20:18:01","date_gmt":"2021-01-23T20:18:01","guid":{"rendered":"https:\/\/blogdorogeriogomes.com.br\/?p=19874"},"modified":"2021-01-25T18:18:55","modified_gmt":"2021-01-25T18:18:55","slug":"ocupacao-de-leitos-de-uti-em-fortaleza-passa-de-90-com-pacientes-da-covid-19-ja-ha-unidades-lotadas","status":"publish","type":"post","link":"https:\/\/blogdorogeriogomes.com.br\/noticias\/2021\/01\/ocupacao-de-leitos-de-uti-em-fortaleza-passa-de-90-com-pacientes-da-covid-19-ja-ha-unidades-lotadas\/","title":{"rendered":"Ocupa\u00e7\u00e3o de leitos de UTI em Fortaleza passa de 90% com pacientes da Covid-19. J\u00e1 h\u00e1 unidades lotadas"},"content":{"rendered":"\n<p>Ainda h\u00e1 pessoas duvidando do agravamento do quadro da Covid-19 no Pa\u00eds, devido ao crescimento dos casos e do n\u00famero de mortes. Em Fortaleza, a situa\u00e7\u00e3o preocupa nos hospitais p\u00fablicos e particulares. H\u00e1 ocupa\u00e7\u00e3o de mais de 90% dos leitos de UTI com pacientes da Covid-19. Em alguns hospitais da Capital, as Unidades de Tratamento Intensivo est\u00e3o lotadas.<\/p>\n\n\n\n<p>O levantamento foi feito pela Secretaria de Sa\u00fade do Cear\u00e1 em oito hospitais de Fortaleza com leitos para Covid-19 ativos, sendo tr\u00eas particulares e cinco p\u00fablicos. O Hospital Leonardo da Vinci, refer\u00eancia no tratamento da doen\u00e7a pelo Estado, tem ocupa\u00e7\u00e3o atual de 91%.<\/p>\n\n\n\n<figure class=\"wp-block-image size-large\"><img loading=\"lazy\" decoding=\"async\" width=\"800\" height=\"450\" src=\"https:\/\/blogdorogeriogomes.com.br\/wp-content\/uploads\/2021\/01\/leonardo-da-vinci.jpg\" alt=\"\" class=\"wp-image-19875\" srcset=\"https:\/\/blogdorogeriogomes.com.br\/noticias\/wp-content\/uploads\/2021\/01\/leonardo-da-vinci.jpg 800w, https:\/\/blogdorogeriogomes.com.br\/noticias\/wp-content\/uploads\/2021\/01\/leonardo-da-vinci-300x169.jpg 300w, https:\/\/blogdorogeriogomes.com.br\/noticias\/wp-content\/uploads\/2021\/01\/leonardo-da-vinci-768x432.jpg 768w\" sizes=\"auto, (max-width: 800px) 100vw, 800px\" \/><\/figure>\n","protected":false},"excerpt":{"rendered":"<p>Ainda h\u00e1 pessoas duvidando do agravamento do quadro da Covid-19 no Pa\u00eds, devido ao crescimento dos casos e do n\u00famero de mortes. Em Fortaleza, a situa\u00e7\u00e3o preocupa nos hospitais p\u00fablicos e particulares. H\u00e1 ocupa\u00e7\u00e3o de mais de 90% dos leitos de UTI com pacientes da Covid-19. Em alguns hospitais da Capital, as Unidades de Tratamento Intensivo est\u00e3o lotadas. O levantamento foi feito pela Secretaria de Sa\u00fade do Cear\u00e1 em oito hospitais de Fortaleza com leitos para Covid-19 ativos, sendo&hellip;<\/p>\n","protected":false},"author":1,"featured_media":19875,"comment_status":"open","ping_status":"open","sticky":false,"template":"","format":"standard","meta":{"footnotes":""},"categories":[1],"tags":[],"class_list":["post-19874","post","type-post","status-publish","format-standard","has-post-thumbnail","hentry","category-noticias"],"_links":{"self":[{"href":"https:\/\/blogdorogeriogomes.com.br\/noticias\/wp-json\/wp\/v2\/posts\/19874","targetHints":{"allow":["GET"]}}],"collection":[{"href":"https:\/\/blogdorogeriogomes.com.br\/noticias\/wp-json\/wp\/v2\/posts"}],"about":[{"href":"https:\/\/blogdorogeriogomes.com.br\/noticias\/wp-json\/wp\/v2\/types\/post"}],"author":[{"embeddable":true,"href":"https:\/\/blogdorogeriogomes.com.br\/noticias\/wp-json\/wp\/v2\/users\/1"}],"replies":[{"embeddable":true,"href":"https:\/\/blogdorogeriogomes.com.br\/noticias\/wp-json\/wp\/v2\/comments?post=19874"}],"version-history":[{"count":1,"href":"https:\/\/blogdorogeriogomes.com.br\/noticias\/wp-json\/wp\/v2\/posts\/19874\/revisions"}],"predecessor-version":[{"id":19876,"href":"https:\/\/blogdorogeriogomes.com.br\/noticias\/wp-json\/wp\/v2\/posts\/19874\/revisions\/19876"}],"wp:featuredmedia":[{"embeddable":true,"href":"https:\/\/blogdorogeriogomes.com.br\/noticias\/wp-json\/wp\/v2\/media\/19875"}],"wp:attachment":[{"href":"https:\/\/blogdorogeriogomes.com.br\/noticias\/wp-json\/wp\/v2\/media?parent=19874"}],"wp:term":[{"taxonomy":"category","embeddable":true,"href":"https:\/\/blogdorogeriogomes.com.br\/noticias\/wp-json\/wp\/v2\/categories?post=19874"},{"taxonomy":"post_tag","embeddable":true,"href":"https:\/\/blogdorogeriogomes.com.br\/noticias\/wp-json\/wp\/v2\/tags?post=19874"}],"curies":[{"name":"wp","href":"https:\/\/api.w.org\/{rel}","templated":true}]}}