{"id":19881,"date":"2021-01-25T09:07:42","date_gmt":"2021-01-25T09:07:42","guid":{"rendered":"https:\/\/blogdorogeriogomes.com.br\/?p=19881"},"modified":"2021-01-25T18:18:33","modified_gmt":"2021-01-25T18:18:33","slug":"prefeitura-de-fortaleza-inicia-agendamento-para-vacinar-idosos-com-mais-de-75-anos","status":"publish","type":"post","link":"https:\/\/blogdorogeriogomes.com.br\/noticias\/2021\/01\/prefeitura-de-fortaleza-inicia-agendamento-para-vacinar-idosos-com-mais-de-75-anos\/","title":{"rendered":"Prefeitura de Fortaleza inicia agendamento para vacinar idosos com mais de 75 anos"},"content":{"rendered":"\n<p>Idosos com mais de 75 anos em Fortaleza j\u00e1 podem se cadastrar para tomar a vacina contra o coronav\u00edrus. O agendamento para a vacina\u00e7\u00e3o contra a Covid-19, em Fortaleza, dos trabalhadores da sa\u00fade e idosos acima de 75 anos foi iniciado neste domingo, dia 24 de janeiro. Para realizar o cadastramento e o agendamento, as pessoas pertencentes a estes grupos devem acessar o aplicativo Mais Sa\u00fade Fortaleza (dispon\u00edvel para&nbsp;iOS&nbsp;e&nbsp;Android) ou o site Vacine J\u00e1 (https:\/\/vacineja.sepog.fortaleza.ce.gov.br\/), inserindo dados pessoais. Os idosos com dificuldade de locomo\u00e7\u00e3o poder\u00e3o tomar a vacina em casa.<\/p>\n\n\n\n<p>Todos os trabalhadores da sa\u00fade (incluindo profissionais da sa\u00fade e de apoio), poder\u00e3o agendar virtualmente e ter\u00e3o a op\u00e7\u00e3o de escolher data e hor\u00e1rio para receber o imunobiol\u00f3gico. No local de vacina\u00e7\u00e3o, todos dever\u00e3o apresentar obrigatoriamente documento original com foto. Para comprovar que \u00e9 trabalhador da sa\u00fade, tamb\u00e9m ser\u00e1 necess\u00e1rio apresentar um dos documentos a seguir: carteira do conselho de classe; carteira profissional; contracheque ou declara\u00e7\u00e3o da unidade de sa\u00fade em que atua.<\/p>\n\n\n\n<figure class=\"wp-block-image size-large\"><img loading=\"lazy\" decoding=\"async\" width=\"259\" height=\"194\" src=\"https:\/\/blogdorogeriogomes.com.br\/wp-content\/uploads\/2021\/01\/download.jpeg\" alt=\"\" class=\"wp-image-19882\"\/><\/figure>\n","protected":false},"excerpt":{"rendered":"<p>Idosos com mais de 75 anos em Fortaleza j\u00e1 podem se cadastrar para tomar a vacina contra o coronav\u00edrus. O agendamento para a vacina\u00e7\u00e3o contra a Covid-19, em Fortaleza, dos trabalhadores da sa\u00fade e idosos acima de 75 anos foi iniciado neste domingo, dia 24 de janeiro. Para realizar o cadastramento e o agendamento, as pessoas pertencentes a estes grupos devem acessar o aplicativo Mais Sa\u00fade Fortaleza (dispon\u00edvel para&nbsp;iOS&nbsp;e&nbsp;Android) ou o site Vacine J\u00e1 (https:\/\/vacineja.sepog.fortaleza.ce.gov.br\/), inserindo dados pessoais. Os&hellip;<\/p>\n","protected":false},"author":1,"featured_media":19882,"comment_status":"open","ping_status":"open","sticky":false,"template":"","format":"standard","meta":{"footnotes":""},"categories":[1],"tags":[],"class_list":["post-19881","post","type-post","status-publish","format-standard","has-post-thumbnail","hentry","category-noticias"],"_links":{"self":[{"href":"https:\/\/blogdorogeriogomes.com.br\/noticias\/wp-json\/wp\/v2\/posts\/19881","targetHints":{"allow":["GET"]}}],"collection":[{"href":"https:\/\/blogdorogeriogomes.com.br\/noticias\/wp-json\/wp\/v2\/posts"}],"about":[{"href":"https:\/\/blogdorogeriogomes.com.br\/noticias\/wp-json\/wp\/v2\/types\/post"}],"author":[{"embeddable":true,"href":"https:\/\/blogdorogeriogomes.com.br\/noticias\/wp-json\/wp\/v2\/users\/1"}],"replies":[{"embeddable":true,"href":"https:\/\/blogdorogeriogomes.com.br\/noticias\/wp-json\/wp\/v2\/comments?post=19881"}],"version-history":[{"count":2,"href":"https:\/\/blogdorogeriogomes.com.br\/noticias\/wp-json\/wp\/v2\/posts\/19881\/revisions"}],"predecessor-version":[{"id":19892,"href":"https:\/\/blogdorogeriogomes.com.br\/noticias\/wp-json\/wp\/v2\/posts\/19881\/revisions\/19892"}],"wp:featuredmedia":[{"embeddable":true,"href":"https:\/\/blogdorogeriogomes.com.br\/noticias\/wp-json\/wp\/v2\/media\/19882"}],"wp:attachment":[{"href":"https:\/\/blogdorogeriogomes.com.br\/noticias\/wp-json\/wp\/v2\/media?parent=19881"}],"wp:term":[{"taxonomy":"category","embeddable":true,"href":"https:\/\/blogdorogeriogomes.com.br\/noticias\/wp-json\/wp\/v2\/categories?post=19881"},{"taxonomy":"post_tag","embeddable":true,"href":"https:\/\/blogdorogeriogomes.com.br\/noticias\/wp-json\/wp\/v2\/tags?post=19881"}],"curies":[{"name":"wp","href":"https:\/\/api.w.org\/{rel}","templated":true}]}}