{"id":19884,"date":"2021-01-25T09:47:39","date_gmt":"2021-01-25T09:47:39","guid":{"rendered":"https:\/\/blogdorogeriogomes.com.br\/?p=19884"},"modified":"2021-01-25T18:18:22","modified_gmt":"2021-01-25T18:18:22","slug":"segundo-dia-do-enem-teve-mais-de-55-de-abstencao-em-todo-o-pais","status":"publish","type":"post","link":"https:\/\/blogdorogeriogomes.com.br\/noticias\/2021\/01\/segundo-dia-do-enem-teve-mais-de-55-de-abstencao-em-todo-o-pais\/","title":{"rendered":"Segundo dia do Enem teve mais de 55% de absten\u00e7\u00e3o em todo o Pa\u00eds"},"content":{"rendered":"\n<p>O \u00edndice de absten\u00e7\u00e3o do Exame Nacional do Ensino M\u00e9dio (Enem) 2020 subiu no segundo dia e atingiu 55,3% do total de candidatos confirmados esperados para esta edi\u00e7\u00e3o, anunciou o Inep no domingo, dia 24 de janeiro. Este \u00e9 o maior \u00edndice de toda a hist\u00f3ria do Enem. Antes, o recorde havia sido registrado em 2009.<\/p>\n\n\n\n<p>Esta edi\u00e7\u00e3o foi marcada pelo adiamento das provas para janeiro deste ano &#8211; inicialmente marcadas para novembro de 2020. A decis\u00e3o foi tomada em julho do ano passado em raz\u00e3o do agravamento da pandemia.<\/p>\n\n\n\n<p>Mas com os n\u00fameros de casos e mortes da Covid atingindo o pico em janeiro, entidades cient\u00edficas e secretarias estaduais de Sa\u00fade e Educa\u00e7\u00e3o pediram por um novo adiamento. Mesmo assim, o Minist\u00e9rio da Educa\u00e7\u00e3o manteve as provas.<\/p>\n\n\n\n<figure class=\"wp-block-image size-large\"><img loading=\"lazy\" decoding=\"async\" width=\"984\" height=\"656\" src=\"https:\/\/blogdorogeriogomes.com.br\/wp-content\/uploads\/2021\/01\/whatsapp-image-2021-01-17-at-11.23.48.jpeg\" alt=\"\" class=\"wp-image-19885\" srcset=\"https:\/\/blogdorogeriogomes.com.br\/noticias\/wp-content\/uploads\/2021\/01\/whatsapp-image-2021-01-17-at-11.23.48.jpeg 984w, https:\/\/blogdorogeriogomes.com.br\/noticias\/wp-content\/uploads\/2021\/01\/whatsapp-image-2021-01-17-at-11.23.48-300x200.jpeg 300w, https:\/\/blogdorogeriogomes.com.br\/noticias\/wp-content\/uploads\/2021\/01\/whatsapp-image-2021-01-17-at-11.23.48-768x512.jpeg 768w, https:\/\/blogdorogeriogomes.com.br\/noticias\/wp-content\/uploads\/2021\/01\/whatsapp-image-2021-01-17-at-11.23.48-800x533.jpeg 800w\" sizes=\"auto, (max-width: 984px) 100vw, 984px\" \/><\/figure>\n","protected":false},"excerpt":{"rendered":"<p>O \u00edndice de absten\u00e7\u00e3o do Exame Nacional do Ensino M\u00e9dio (Enem) 2020 subiu no segundo dia e atingiu 55,3% do total de candidatos confirmados esperados para esta edi\u00e7\u00e3o, anunciou o Inep no domingo, dia 24 de janeiro. Este \u00e9 o maior \u00edndice de toda a hist\u00f3ria do Enem. Antes, o recorde havia sido registrado em 2009. Esta edi\u00e7\u00e3o foi marcada pelo adiamento das provas para janeiro deste ano &#8211; inicialmente marcadas para novembro de 2020. A decis\u00e3o foi tomada&hellip;<\/p>\n","protected":false},"author":1,"featured_media":19885,"comment_status":"open","ping_status":"open","sticky":false,"template":"","format":"standard","meta":{"footnotes":""},"categories":[1],"tags":[],"class_list":["post-19884","post","type-post","status-publish","format-standard","has-post-thumbnail","hentry","category-noticias"],"_links":{"self":[{"href":"https:\/\/blogdorogeriogomes.com.br\/noticias\/wp-json\/wp\/v2\/posts\/19884","targetHints":{"allow":["GET"]}}],"collection":[{"href":"https:\/\/blogdorogeriogomes.com.br\/noticias\/wp-json\/wp\/v2\/posts"}],"about":[{"href":"https:\/\/blogdorogeriogomes.com.br\/noticias\/wp-json\/wp\/v2\/types\/post"}],"author":[{"embeddable":true,"href":"https:\/\/blogdorogeriogomes.com.br\/noticias\/wp-json\/wp\/v2\/users\/1"}],"replies":[{"embeddable":true,"href":"https:\/\/blogdorogeriogomes.com.br\/noticias\/wp-json\/wp\/v2\/comments?post=19884"}],"version-history":[{"count":1,"href":"https:\/\/blogdorogeriogomes.com.br\/noticias\/wp-json\/wp\/v2\/posts\/19884\/revisions"}],"predecessor-version":[{"id":19886,"href":"https:\/\/blogdorogeriogomes.com.br\/noticias\/wp-json\/wp\/v2\/posts\/19884\/revisions\/19886"}],"wp:featuredmedia":[{"embeddable":true,"href":"https:\/\/blogdorogeriogomes.com.br\/noticias\/wp-json\/wp\/v2\/media\/19885"}],"wp:attachment":[{"href":"https:\/\/blogdorogeriogomes.com.br\/noticias\/wp-json\/wp\/v2\/media?parent=19884"}],"wp:term":[{"taxonomy":"category","embeddable":true,"href":"https:\/\/blogdorogeriogomes.com.br\/noticias\/wp-json\/wp\/v2\/categories?post=19884"},{"taxonomy":"post_tag","embeddable":true,"href":"https:\/\/blogdorogeriogomes.com.br\/noticias\/wp-json\/wp\/v2\/tags?post=19884"}],"curies":[{"name":"wp","href":"https:\/\/api.w.org\/{rel}","templated":true}]}}