{"id":19887,"date":"2021-01-25T11:46:25","date_gmt":"2021-01-25T11:46:25","guid":{"rendered":"https:\/\/blogdorogeriogomes.com.br\/?p=19887"},"modified":"2021-01-25T18:18:11","modified_gmt":"2021-01-25T18:18:11","slug":"camilo-santana-anuncia-chegada-de-mais-33-200-doses-de-coronavac-ao-ceara-nesta-segunda-feira","status":"publish","type":"post","link":"https:\/\/blogdorogeriogomes.com.br\/noticias\/2021\/01\/camilo-santana-anuncia-chegada-de-mais-33-200-doses-de-coronavac-ao-ceara-nesta-segunda-feira\/","title":{"rendered":"Camilo Santana anuncia chegada de mais 33.200 doses de Coronavac ao Cear\u00e1 nesta segunda-feira"},"content":{"rendered":"\n<p>O governador Camilo Santana anunciou em suas redes sociais que novas 33.200 doses da vacina Coronavac devem chegar no in\u00edcio da tarde desta segunda-feira, dia 25 de janeiro, ao Cear\u00e1. Este \u00e9 o terceiro lote de vacinas que aportar\u00e1 no Estado, que j\u00e1 havia recebido no fim de semana 72.500 doses da Astrazeneca\/Oxford e antes 218 mil da Coronavac, produzida em parceria entre Instituto Butantan e Sinovac.<\/p>\n\n\n\n<p>&#8220;Informo que mais 33.200 doses de vacina da Covid devem chegar hoje ao Cear\u00e1 para refor\u00e7ar nossa campanha de imuniza\u00e7\u00e3o nos munic\u00edpios. A previs\u00e3o \u00e9 desse terceiro lote chegar hoje 14h10min vindo de S\u00e3o Paulo. Juntos vamos vencer a pandemia&#8221;, afirmou o governador.<\/p>\n\n\n\n<p>Nesta primeira etapa de vacina\u00e7\u00e3o, os imunizantes est\u00e3o sendo destinados a profissionais da Sa\u00fade que est\u00e3o na linha de frente da pandemia e idosos acima de 75 anos. A aplica\u00e7\u00e3o em idosos ocorre ap\u00f3s agendamento, nas resid\u00eancias ou em locais que disponibilizam o sistema drive-thru, segundo informa a Secretaria da Sa\u00fade do Estado do Cear\u00e1.<\/p>\n\n\n\n<figure class=\"wp-block-image size-large\"><img loading=\"lazy\" decoding=\"async\" width=\"1024\" height=\"684\" src=\"https:\/\/blogdorogeriogomes.com.br\/wp-content\/uploads\/2021\/01\/CGM5514-1200x802-1-1024x684.jpg\" alt=\"\" class=\"wp-image-19888\" srcset=\"https:\/\/blogdorogeriogomes.com.br\/noticias\/wp-content\/uploads\/2021\/01\/CGM5514-1200x802-1-1024x684.jpg 1024w, https:\/\/blogdorogeriogomes.com.br\/noticias\/wp-content\/uploads\/2021\/01\/CGM5514-1200x802-1-300x201.jpg 300w, https:\/\/blogdorogeriogomes.com.br\/noticias\/wp-content\/uploads\/2021\/01\/CGM5514-1200x802-1-768x513.jpg 768w, https:\/\/blogdorogeriogomes.com.br\/noticias\/wp-content\/uploads\/2021\/01\/CGM5514-1200x802-1-800x535.jpg 800w, https:\/\/blogdorogeriogomes.com.br\/noticias\/wp-content\/uploads\/2021\/01\/CGM5514-1200x802-1.jpg 1200w\" sizes=\"auto, (max-width: 1024px) 100vw, 1024px\" \/><\/figure>\n","protected":false},"excerpt":{"rendered":"<p>O governador Camilo Santana anunciou em suas redes sociais que novas 33.200 doses da vacina Coronavac devem chegar no in\u00edcio da tarde desta segunda-feira, dia 25 de janeiro, ao Cear\u00e1. Este \u00e9 o terceiro lote de vacinas que aportar\u00e1 no Estado, que j\u00e1 havia recebido no fim de semana 72.500 doses da Astrazeneca\/Oxford e antes 218 mil da Coronavac, produzida em parceria entre Instituto Butantan e Sinovac. &#8220;Informo que mais 33.200 doses de vacina da Covid devem chegar hoje&hellip;<\/p>\n","protected":false},"author":1,"featured_media":19888,"comment_status":"open","ping_status":"open","sticky":false,"template":"","format":"standard","meta":{"footnotes":""},"categories":[1],"tags":[],"class_list":["post-19887","post","type-post","status-publish","format-standard","has-post-thumbnail","hentry","category-noticias"],"_links":{"self":[{"href":"https:\/\/blogdorogeriogomes.com.br\/noticias\/wp-json\/wp\/v2\/posts\/19887","targetHints":{"allow":["GET"]}}],"collection":[{"href":"https:\/\/blogdorogeriogomes.com.br\/noticias\/wp-json\/wp\/v2\/posts"}],"about":[{"href":"https:\/\/blogdorogeriogomes.com.br\/noticias\/wp-json\/wp\/v2\/types\/post"}],"author":[{"embeddable":true,"href":"https:\/\/blogdorogeriogomes.com.br\/noticias\/wp-json\/wp\/v2\/users\/1"}],"replies":[{"embeddable":true,"href":"https:\/\/blogdorogeriogomes.com.br\/noticias\/wp-json\/wp\/v2\/comments?post=19887"}],"version-history":[{"count":1,"href":"https:\/\/blogdorogeriogomes.com.br\/noticias\/wp-json\/wp\/v2\/posts\/19887\/revisions"}],"predecessor-version":[{"id":19889,"href":"https:\/\/blogdorogeriogomes.com.br\/noticias\/wp-json\/wp\/v2\/posts\/19887\/revisions\/19889"}],"wp:featuredmedia":[{"embeddable":true,"href":"https:\/\/blogdorogeriogomes.com.br\/noticias\/wp-json\/wp\/v2\/media\/19888"}],"wp:attachment":[{"href":"https:\/\/blogdorogeriogomes.com.br\/noticias\/wp-json\/wp\/v2\/media?parent=19887"}],"wp:term":[{"taxonomy":"category","embeddable":true,"href":"https:\/\/blogdorogeriogomes.com.br\/noticias\/wp-json\/wp\/v2\/categories?post=19887"},{"taxonomy":"post_tag","embeddable":true,"href":"https:\/\/blogdorogeriogomes.com.br\/noticias\/wp-json\/wp\/v2\/tags?post=19887"}],"curies":[{"name":"wp","href":"https:\/\/api.w.org\/{rel}","templated":true}]}}