{"id":19898,"date":"2021-01-25T23:24:44","date_gmt":"2021-01-25T23:24:44","guid":{"rendered":"https:\/\/blogdorogeriogomes.com.br\/?p=19898"},"modified":"2021-01-28T16:52:06","modified_gmt":"2021-01-28T16:52:06","slug":"stf-autoriza-investigacao-contra-ministro-eduardo-pazuello-por-falta-de-acao-na-crise-sanitaria-do-amazonas","status":"publish","type":"post","link":"https:\/\/blogdorogeriogomes.com.br\/noticias\/2021\/01\/stf-autoriza-investigacao-contra-ministro-eduardo-pazuello-por-falta-de-acao-na-crise-sanitaria-do-amazonas\/","title":{"rendered":"STF autoriza investiga\u00e7\u00e3o contra ministro Eduardo Pazuello por falta de a\u00e7\u00e3o na crise sanit\u00e1ria do Amazonas"},"content":{"rendered":"\n<p>A crise sanit\u00e1ria no Amazonas se agrava e o Minist\u00e9rio da Sa\u00fade tenta correr atr\u00e1s do preju\u00edzo. Mas o ministro Ricardo Lewandowski, do Supremo Tribunal Federal, decidiu pela abertura de inqu\u00e9rito contra o ministro da Sa\u00fade, Eduardo Pazuello, pela condu\u00e7\u00e3o desastrosa da crise no Amazonas, que vive um colapso na sa\u00fade em meio \u00e0 alta nos casos de covid-19. A partir de agora, o general \u00e9 considerado formalmente investigado.<\/p>\n\n\n\n<p>O pedido foi enviado ao STF pelo procurador-geral da Rep\u00fablica, Augusto Aras, com o objetivo de apurar se houve omiss\u00e3o de Pazuello no enfrentamento da situa\u00e7\u00e3o cr\u00edtica no Amazonas.<\/p>\n\n\n\n<p>A a\u00e7\u00e3o lenta do Minist\u00e9rio da Sa\u00fade para enfrentar a crise pode ser vista na busca de solu\u00e7\u00f5es para o transporte de oxig\u00eanio a Manaus. O Minist\u00e9rio da Sa\u00fade e o Governo do Amazonas receberam nos dias 16 e 18 de janeiro as ofertas de tr\u00eas aeronaves, duas da ONU (Organiza\u00e7\u00e3o das Na\u00e7\u00f5es Unidas) e uma do governo dos Estados Unidos (EUA), para transportar de forma mais r\u00e1pida oxig\u00eanio at\u00e9 o Amazonas. A autoriza\u00e7\u00e3o para a utiliza\u00e7\u00e3o destes avi\u00f5es, que deveria ser dada pelo Governo Federal, segue sob an\u00e1lise. S\u00e3o nove dias para tomar uma provid\u00eancia diante de um quadro no Estado com UTIs superlotadas, falta de vagas em hospitais e falta de oxig\u00eanio na rede hospitalar.<\/p>\n\n\n\n<figure class=\"wp-block-image size-large\"><img loading=\"lazy\" decoding=\"async\" width=\"678\" height=\"452\" src=\"https:\/\/blogdorogeriogomes.com.br\/wp-content\/uploads\/2021\/01\/images-21.jpeg\" alt=\"\" class=\"wp-image-19899\" srcset=\"https:\/\/blogdorogeriogomes.com.br\/noticias\/wp-content\/uploads\/2021\/01\/images-21.jpeg 678w, https:\/\/blogdorogeriogomes.com.br\/noticias\/wp-content\/uploads\/2021\/01\/images-21-300x200.jpeg 300w\" sizes=\"auto, (max-width: 678px) 100vw, 678px\" \/><\/figure>\n","protected":false},"excerpt":{"rendered":"<p>A crise sanit\u00e1ria no Amazonas se agrava e o Minist\u00e9rio da Sa\u00fade tenta correr atr\u00e1s do preju\u00edzo. Mas o ministro Ricardo Lewandowski, do Supremo Tribunal Federal, decidiu pela abertura de inqu\u00e9rito contra o ministro da Sa\u00fade, Eduardo Pazuello, pela condu\u00e7\u00e3o desastrosa da crise no Amazonas, que vive um colapso na sa\u00fade em meio \u00e0 alta nos casos de covid-19. A partir de agora, o general \u00e9 considerado formalmente investigado. O pedido foi enviado ao STF pelo procurador-geral da Rep\u00fablica,&hellip;<\/p>\n","protected":false},"author":1,"featured_media":19899,"comment_status":"open","ping_status":"open","sticky":false,"template":"","format":"standard","meta":{"footnotes":""},"categories":[1],"tags":[],"class_list":["post-19898","post","type-post","status-publish","format-standard","has-post-thumbnail","hentry","category-noticias"],"_links":{"self":[{"href":"https:\/\/blogdorogeriogomes.com.br\/noticias\/wp-json\/wp\/v2\/posts\/19898","targetHints":{"allow":["GET"]}}],"collection":[{"href":"https:\/\/blogdorogeriogomes.com.br\/noticias\/wp-json\/wp\/v2\/posts"}],"about":[{"href":"https:\/\/blogdorogeriogomes.com.br\/noticias\/wp-json\/wp\/v2\/types\/post"}],"author":[{"embeddable":true,"href":"https:\/\/blogdorogeriogomes.com.br\/noticias\/wp-json\/wp\/v2\/users\/1"}],"replies":[{"embeddable":true,"href":"https:\/\/blogdorogeriogomes.com.br\/noticias\/wp-json\/wp\/v2\/comments?post=19898"}],"version-history":[{"count":1,"href":"https:\/\/blogdorogeriogomes.com.br\/noticias\/wp-json\/wp\/v2\/posts\/19898\/revisions"}],"predecessor-version":[{"id":19900,"href":"https:\/\/blogdorogeriogomes.com.br\/noticias\/wp-json\/wp\/v2\/posts\/19898\/revisions\/19900"}],"wp:featuredmedia":[{"embeddable":true,"href":"https:\/\/blogdorogeriogomes.com.br\/noticias\/wp-json\/wp\/v2\/media\/19899"}],"wp:attachment":[{"href":"https:\/\/blogdorogeriogomes.com.br\/noticias\/wp-json\/wp\/v2\/media?parent=19898"}],"wp:term":[{"taxonomy":"category","embeddable":true,"href":"https:\/\/blogdorogeriogomes.com.br\/noticias\/wp-json\/wp\/v2\/categories?post=19898"},{"taxonomy":"post_tag","embeddable":true,"href":"https:\/\/blogdorogeriogomes.com.br\/noticias\/wp-json\/wp\/v2\/tags?post=19898"}],"curies":[{"name":"wp","href":"https:\/\/api.w.org\/{rel}","templated":true}]}}