{"id":19901,"date":"2021-01-26T09:05:42","date_gmt":"2021-01-26T09:05:42","guid":{"rendered":"https:\/\/blogdorogeriogomes.com.br\/?p=19901"},"modified":"2021-01-28T16:51:51","modified_gmt":"2021-01-28T16:51:51","slug":"mesmo-sem-carnaval-fortaleza-e-o-destino-mais-procurado-por-turistas-em-fevereiro","status":"publish","type":"post","link":"https:\/\/blogdorogeriogomes.com.br\/noticias\/2021\/01\/mesmo-sem-carnaval-fortaleza-e-o-destino-mais-procurado-por-turistas-em-fevereiro\/","title":{"rendered":"Mesmo sem Carnaval, Fortaleza \u00e9 o destino mais procurado por turistas em fevereiro"},"content":{"rendered":"\n<p>Apesar da decis\u00e3o do Poder P\u00fablico de n\u00e3o realizar festas de Carnaval e a consequente proibi\u00e7\u00e3o de eventos sociais por causa da Covid-19, a cidade de Fortaleza ainda \u00e9 o destino mais procurado pelos brasileiros para o Carnaval 2021. A operadora de turismo CVC revela que a Capital cearense est\u00e1 no topo do ranking pelo segundo ano consecutivo.<\/p>\n\n\n\n<p>Atr\u00e1s de Fortaleza, Porto Seguro (BA), Rio de Janeiro (RJ), Natal (RN e Macei\u00f3 (AL) completam o Top 5 entre as buscas, demonstrando a prefer\u00eancia dos viajantes por praia e calor.<\/p>\n\n\n\n<p>A CVC est\u00e1 com a campanha &#8216;Partiu ser feliz&#8217; em vigor, que concede descontos nos principais destinos de ver\u00e3o do Brasil com parcelamento em at\u00e9 10 vezes sem juros.<\/p>\n\n\n\n<figure class=\"wp-block-image size-large\"><img loading=\"lazy\" decoding=\"async\" width=\"770\" height=\"398\" src=\"https:\/\/blogdorogeriogomes.com.br\/wp-content\/uploads\/2021\/01\/images-1-4.jpeg\" alt=\"\" class=\"wp-image-19902\" srcset=\"https:\/\/blogdorogeriogomes.com.br\/noticias\/wp-content\/uploads\/2021\/01\/images-1-4.jpeg 770w, https:\/\/blogdorogeriogomes.com.br\/noticias\/wp-content\/uploads\/2021\/01\/images-1-4-300x155.jpeg 300w, https:\/\/blogdorogeriogomes.com.br\/noticias\/wp-content\/uploads\/2021\/01\/images-1-4-768x397.jpeg 768w\" sizes=\"auto, (max-width: 770px) 100vw, 770px\" \/><\/figure>\n","protected":false},"excerpt":{"rendered":"<p>Apesar da decis\u00e3o do Poder P\u00fablico de n\u00e3o realizar festas de Carnaval e a consequente proibi\u00e7\u00e3o de eventos sociais por causa da Covid-19, a cidade de Fortaleza ainda \u00e9 o destino mais procurado pelos brasileiros para o Carnaval 2021. A operadora de turismo CVC revela que a Capital cearense est\u00e1 no topo do ranking pelo segundo ano consecutivo. Atr\u00e1s de Fortaleza, Porto Seguro (BA), Rio de Janeiro (RJ), Natal (RN e Macei\u00f3 (AL) completam o Top 5 entre as&hellip;<\/p>\n","protected":false},"author":1,"featured_media":19902,"comment_status":"open","ping_status":"open","sticky":false,"template":"","format":"standard","meta":{"footnotes":""},"categories":[1],"tags":[],"class_list":["post-19901","post","type-post","status-publish","format-standard","has-post-thumbnail","hentry","category-noticias"],"_links":{"self":[{"href":"https:\/\/blogdorogeriogomes.com.br\/noticias\/wp-json\/wp\/v2\/posts\/19901","targetHints":{"allow":["GET"]}}],"collection":[{"href":"https:\/\/blogdorogeriogomes.com.br\/noticias\/wp-json\/wp\/v2\/posts"}],"about":[{"href":"https:\/\/blogdorogeriogomes.com.br\/noticias\/wp-json\/wp\/v2\/types\/post"}],"author":[{"embeddable":true,"href":"https:\/\/blogdorogeriogomes.com.br\/noticias\/wp-json\/wp\/v2\/users\/1"}],"replies":[{"embeddable":true,"href":"https:\/\/blogdorogeriogomes.com.br\/noticias\/wp-json\/wp\/v2\/comments?post=19901"}],"version-history":[{"count":1,"href":"https:\/\/blogdorogeriogomes.com.br\/noticias\/wp-json\/wp\/v2\/posts\/19901\/revisions"}],"predecessor-version":[{"id":19903,"href":"https:\/\/blogdorogeriogomes.com.br\/noticias\/wp-json\/wp\/v2\/posts\/19901\/revisions\/19903"}],"wp:featuredmedia":[{"embeddable":true,"href":"https:\/\/blogdorogeriogomes.com.br\/noticias\/wp-json\/wp\/v2\/media\/19902"}],"wp:attachment":[{"href":"https:\/\/blogdorogeriogomes.com.br\/noticias\/wp-json\/wp\/v2\/media?parent=19901"}],"wp:term":[{"taxonomy":"category","embeddable":true,"href":"https:\/\/blogdorogeriogomes.com.br\/noticias\/wp-json\/wp\/v2\/categories?post=19901"},{"taxonomy":"post_tag","embeddable":true,"href":"https:\/\/blogdorogeriogomes.com.br\/noticias\/wp-json\/wp\/v2\/tags?post=19901"}],"curies":[{"name":"wp","href":"https:\/\/api.w.org\/{rel}","templated":true}]}}