{"id":19904,"date":"2021-01-26T09:39:15","date_gmt":"2021-01-26T09:39:15","guid":{"rendered":"https:\/\/blogdorogeriogomes.com.br\/?p=19904"},"modified":"2021-01-28T16:51:34","modified_gmt":"2021-01-28T16:51:34","slug":"balanco-mostra-que-685-mil-pessoas-ja-foram-imunizadas-no-pais-sendo-34-372-no-ceara","status":"publish","type":"post","link":"https:\/\/blogdorogeriogomes.com.br\/noticias\/2021\/01\/balanco-mostra-que-685-mil-pessoas-ja-foram-imunizadas-no-pais-sendo-34-372-no-ceara\/","title":{"rendered":"Balan\u00e7o mostra que 685 mil pessoas j\u00e1 foram imunizadas no Pa\u00eds, sendo 34.372 no Cear\u00e1"},"content":{"rendered":"\n<p>Um balan\u00e7o da vacina\u00e7\u00e3o contra Covid-19 no Brasil feita pelas secretarias estaduais de sa\u00fade, nesta segunda-feira, dia 25 de janeiro, aponta que 17 estados e o Distrito Federal vacinaram 685.201 pessoas. O Cear\u00e1 imunizou 34.372 pessoas do grupo priorit\u00e1rio, entre profissionais de sa\u00fade da linha de frente e idosos. A quantidade corresponde a 0,37% do total.<\/p>\n\n\n\n<p>No primeiro dia de vacina\u00e7\u00e3o contra a Covid-19 no Centro de Eventos do Cear\u00e1, em Fortaleza, 2.702 pessoas foram imunizadas, sendo 2.429 trabalhadores da sa\u00fade e 273 idosos acima de 75 anos.<\/p>\n\n\n\n<p>O Minist\u00e9rio P\u00fablico recomendou que a Secretaria Municipal de Sa\u00fade de Fortaleza divulgue a lista de pessoas vacinadas contra a Covid-19 no site da Prefeitura. O objetivo \u00e9 possibilitar o acompanhamento em tempo real da imuniza\u00e7\u00e3o pelo cidad\u00e3o e pelos \u00f3rg\u00e3os de controle.<\/p>\n\n\n\n<figure class=\"wp-block-image size-large\"><img loading=\"lazy\" decoding=\"async\" width=\"984\" height=\"736\" src=\"https:\/\/blogdorogeriogomes.com.br\/wp-content\/uploads\/2021\/01\/whatsapp-image-2021-01-25-at-21.33.21.jpeg\" alt=\"\" class=\"wp-image-19906\" srcset=\"https:\/\/blogdorogeriogomes.com.br\/noticias\/wp-content\/uploads\/2021\/01\/whatsapp-image-2021-01-25-at-21.33.21.jpeg 984w, https:\/\/blogdorogeriogomes.com.br\/noticias\/wp-content\/uploads\/2021\/01\/whatsapp-image-2021-01-25-at-21.33.21-300x224.jpeg 300w, https:\/\/blogdorogeriogomes.com.br\/noticias\/wp-content\/uploads\/2021\/01\/whatsapp-image-2021-01-25-at-21.33.21-768x574.jpeg 768w, https:\/\/blogdorogeriogomes.com.br\/noticias\/wp-content\/uploads\/2021\/01\/whatsapp-image-2021-01-25-at-21.33.21-800x598.jpeg 800w, https:\/\/blogdorogeriogomes.com.br\/noticias\/wp-content\/uploads\/2021\/01\/whatsapp-image-2021-01-25-at-21.33.21-400x300.jpeg 400w\" sizes=\"auto, (max-width: 984px) 100vw, 984px\" \/><\/figure>\n","protected":false},"excerpt":{"rendered":"<p>Um balan\u00e7o da vacina\u00e7\u00e3o contra Covid-19 no Brasil feita pelas secretarias estaduais de sa\u00fade, nesta segunda-feira, dia 25 de janeiro, aponta que 17 estados e o Distrito Federal vacinaram 685.201 pessoas. O Cear\u00e1 imunizou 34.372 pessoas do grupo priorit\u00e1rio, entre profissionais de sa\u00fade da linha de frente e idosos. A quantidade corresponde a 0,37% do total. No primeiro dia de vacina\u00e7\u00e3o contra a Covid-19 no Centro de Eventos do Cear\u00e1, em Fortaleza, 2.702 pessoas foram imunizadas, sendo 2.429 trabalhadores&hellip;<\/p>\n","protected":false},"author":1,"featured_media":19906,"comment_status":"open","ping_status":"open","sticky":false,"template":"","format":"standard","meta":{"footnotes":""},"categories":[1],"tags":[],"class_list":["post-19904","post","type-post","status-publish","format-standard","has-post-thumbnail","hentry","category-noticias"],"_links":{"self":[{"href":"https:\/\/blogdorogeriogomes.com.br\/noticias\/wp-json\/wp\/v2\/posts\/19904","targetHints":{"allow":["GET"]}}],"collection":[{"href":"https:\/\/blogdorogeriogomes.com.br\/noticias\/wp-json\/wp\/v2\/posts"}],"about":[{"href":"https:\/\/blogdorogeriogomes.com.br\/noticias\/wp-json\/wp\/v2\/types\/post"}],"author":[{"embeddable":true,"href":"https:\/\/blogdorogeriogomes.com.br\/noticias\/wp-json\/wp\/v2\/users\/1"}],"replies":[{"embeddable":true,"href":"https:\/\/blogdorogeriogomes.com.br\/noticias\/wp-json\/wp\/v2\/comments?post=19904"}],"version-history":[{"count":1,"href":"https:\/\/blogdorogeriogomes.com.br\/noticias\/wp-json\/wp\/v2\/posts\/19904\/revisions"}],"predecessor-version":[{"id":19907,"href":"https:\/\/blogdorogeriogomes.com.br\/noticias\/wp-json\/wp\/v2\/posts\/19904\/revisions\/19907"}],"wp:featuredmedia":[{"embeddable":true,"href":"https:\/\/blogdorogeriogomes.com.br\/noticias\/wp-json\/wp\/v2\/media\/19906"}],"wp:attachment":[{"href":"https:\/\/blogdorogeriogomes.com.br\/noticias\/wp-json\/wp\/v2\/media?parent=19904"}],"wp:term":[{"taxonomy":"category","embeddable":true,"href":"https:\/\/blogdorogeriogomes.com.br\/noticias\/wp-json\/wp\/v2\/categories?post=19904"},{"taxonomy":"post_tag","embeddable":true,"href":"https:\/\/blogdorogeriogomes.com.br\/noticias\/wp-json\/wp\/v2\/tags?post=19904"}],"curies":[{"name":"wp","href":"https:\/\/api.w.org\/{rel}","templated":true}]}}