{"id":19911,"date":"2021-01-26T19:39:59","date_gmt":"2021-01-26T19:39:59","guid":{"rendered":"https:\/\/blogdorogeriogomes.com.br\/?p=19911"},"modified":"2021-01-28T16:51:00","modified_gmt":"2021-01-28T16:51:00","slug":"vacinacao-de-idosos-em-domicilio-comeca-nesta-quarta-feira-em-fortaleza","status":"publish","type":"post","link":"https:\/\/blogdorogeriogomes.com.br\/noticias\/2021\/01\/vacinacao-de-idosos-em-domicilio-comeca-nesta-quarta-feira-em-fortaleza\/","title":{"rendered":"Vacina\u00e7\u00e3o de idosos em domic\u00edlio come\u00e7a nesta quarta-feira em Fortaleza"},"content":{"rendered":"\n<p>A vacina\u00e7\u00e3o dos idosos com mais de 75 anos de idade em domic\u00edlio come\u00e7a nesta quarta-feira, dia 27 de janeiro, em Fortaleza. A a\u00e7\u00e3o \u00e9 coordenada pela Secretaria de Sa\u00fade de Fortaleza. Para receber a primeira dose da vacina Oxford\/AstraZeneca \u00e9 necess\u00e1rio que o idoso fa\u00e7a o seu cadastro em uma das plataformas de agendamento. Ou pelo aplicativo Mais Sa\u00fade Fortaleza ou pelo site Vacine J\u00e1.<\/p>\n\n\n\n<p>Os idosos que moram em bairros da Capital com maior incid\u00eancia de casos e de mortalidade por Covid-19 ser\u00e3o priorizados na vacina\u00e7\u00e3o em domic\u00edlio. At\u00e9 a pr\u00f3xima semana, a meta da Secretaria de Sa\u00fade de Fortaleza \u00e9 que 2.100 domic\u00edlios sejam visitados por dia nos bairros da Capital.<\/p>\n\n\n\n<figure class=\"wp-block-image size-large\"><img loading=\"lazy\" decoding=\"async\" width=\"1024\" height=\"576\" src=\"https:\/\/blogdorogeriogomes.com.br\/wp-content\/uploads\/2021\/01\/vacinac-o-1024x576.jpg\" alt=\"\" class=\"wp-image-19912\" srcset=\"https:\/\/blogdorogeriogomes.com.br\/noticias\/wp-content\/uploads\/2021\/01\/vacinac-o-1024x576.jpg 1024w, https:\/\/blogdorogeriogomes.com.br\/noticias\/wp-content\/uploads\/2021\/01\/vacinac-o-300x169.jpg 300w, https:\/\/blogdorogeriogomes.com.br\/noticias\/wp-content\/uploads\/2021\/01\/vacinac-o-768x432.jpg 768w, https:\/\/blogdorogeriogomes.com.br\/noticias\/wp-content\/uploads\/2021\/01\/vacinac-o-800x450.jpg 800w, https:\/\/blogdorogeriogomes.com.br\/noticias\/wp-content\/uploads\/2021\/01\/vacinac-o.jpg 1280w\" sizes=\"auto, (max-width: 1024px) 100vw, 1024px\" \/><\/figure>\n","protected":false},"excerpt":{"rendered":"<p>A vacina\u00e7\u00e3o dos idosos com mais de 75 anos de idade em domic\u00edlio come\u00e7a nesta quarta-feira, dia 27 de janeiro, em Fortaleza. A a\u00e7\u00e3o \u00e9 coordenada pela Secretaria de Sa\u00fade de Fortaleza. Para receber a primeira dose da vacina Oxford\/AstraZeneca \u00e9 necess\u00e1rio que o idoso fa\u00e7a o seu cadastro em uma das plataformas de agendamento. Ou pelo aplicativo Mais Sa\u00fade Fortaleza ou pelo site Vacine J\u00e1. Os idosos que moram em bairros da Capital com maior incid\u00eancia de casos&hellip;<\/p>\n","protected":false},"author":1,"featured_media":19912,"comment_status":"open","ping_status":"open","sticky":false,"template":"","format":"standard","meta":{"footnotes":""},"categories":[1],"tags":[],"class_list":["post-19911","post","type-post","status-publish","format-standard","has-post-thumbnail","hentry","category-noticias"],"_links":{"self":[{"href":"https:\/\/blogdorogeriogomes.com.br\/noticias\/wp-json\/wp\/v2\/posts\/19911","targetHints":{"allow":["GET"]}}],"collection":[{"href":"https:\/\/blogdorogeriogomes.com.br\/noticias\/wp-json\/wp\/v2\/posts"}],"about":[{"href":"https:\/\/blogdorogeriogomes.com.br\/noticias\/wp-json\/wp\/v2\/types\/post"}],"author":[{"embeddable":true,"href":"https:\/\/blogdorogeriogomes.com.br\/noticias\/wp-json\/wp\/v2\/users\/1"}],"replies":[{"embeddable":true,"href":"https:\/\/blogdorogeriogomes.com.br\/noticias\/wp-json\/wp\/v2\/comments?post=19911"}],"version-history":[{"count":1,"href":"https:\/\/blogdorogeriogomes.com.br\/noticias\/wp-json\/wp\/v2\/posts\/19911\/revisions"}],"predecessor-version":[{"id":19913,"href":"https:\/\/blogdorogeriogomes.com.br\/noticias\/wp-json\/wp\/v2\/posts\/19911\/revisions\/19913"}],"wp:featuredmedia":[{"embeddable":true,"href":"https:\/\/blogdorogeriogomes.com.br\/noticias\/wp-json\/wp\/v2\/media\/19912"}],"wp:attachment":[{"href":"https:\/\/blogdorogeriogomes.com.br\/noticias\/wp-json\/wp\/v2\/media?parent=19911"}],"wp:term":[{"taxonomy":"category","embeddable":true,"href":"https:\/\/blogdorogeriogomes.com.br\/noticias\/wp-json\/wp\/v2\/categories?post=19911"},{"taxonomy":"post_tag","embeddable":true,"href":"https:\/\/blogdorogeriogomes.com.br\/noticias\/wp-json\/wp\/v2\/tags?post=19911"}],"curies":[{"name":"wp","href":"https:\/\/api.w.org\/{rel}","templated":true}]}}