{"id":19914,"date":"2021-01-27T09:28:20","date_gmt":"2021-01-27T09:28:20","guid":{"rendered":"https:\/\/blogdorogeriogomes.com.br\/?p=19914"},"modified":"2021-01-28T16:50:46","modified_gmt":"2021-01-28T16:50:46","slug":"governo-do-ceara-assina-ordem-de-servico-do-hospital-universitario-no-itaperi","status":"publish","type":"post","link":"https:\/\/blogdorogeriogomes.com.br\/noticias\/2021\/01\/governo-do-ceara-assina-ordem-de-servico-do-hospital-universitario-no-itaperi\/","title":{"rendered":"Governo do Cear\u00e1 assina  ordem de servi\u00e7o do Hospital Universit\u00e1rio no Itaperi"},"content":{"rendered":"\n<p>O governador Camilo Santana assina, nesta quarta-feira, dia 27 de janeiro, a ordem de servi\u00e7o para constru\u00e7\u00e3o do novo Hospital Universit\u00e1rio do Cear\u00e1, no bairro Itaperi, como parte das medidas da Plataforma de Moderniza\u00e7\u00e3o da Sa\u00fade.<\/p>\n\n\n\n<p>O hospital vai ocupar uma \u00e1rea de 75 mil metros quadrados (m\u00b2) e ter\u00e1 mais de 650 leitos de interna\u00e7\u00e3o, composto por um edif\u00edcio principal de tr\u00eas torres (cl\u00ednica, cir\u00fargica e materno-infantil).<\/p>\n\n\n\n<p>O evento vai ser transmitido ao vivo pelas redes sociais do Governo do Cear\u00e1. Participam da solenidade, os secret\u00e1rios da Sa\u00fade, Doutor Cabeto, da Ci\u00eancia e Tecnologia, In\u00e1cio Arruda, e o reitor da Universidade Estadual do Cear\u00e1, professor Hidelbrando Soares.<\/p>\n\n\n\n<figure class=\"wp-block-image size-large\"><img loading=\"lazy\" decoding=\"async\" width=\"656\" height=\"467\" src=\"https:\/\/blogdorogeriogomes.com.br\/wp-content\/uploads\/2021\/01\/images-3-4.jpeg\" alt=\"\" class=\"wp-image-19915\" srcset=\"https:\/\/blogdorogeriogomes.com.br\/noticias\/wp-content\/uploads\/2021\/01\/images-3-4.jpeg 656w, https:\/\/blogdorogeriogomes.com.br\/noticias\/wp-content\/uploads\/2021\/01\/images-3-4-300x214.jpeg 300w\" sizes=\"auto, (max-width: 656px) 100vw, 656px\" \/><\/figure>\n\n\n\n<p><\/p>\n","protected":false},"excerpt":{"rendered":"<p>O governador Camilo Santana assina, nesta quarta-feira, dia 27 de janeiro, a ordem de servi\u00e7o para constru\u00e7\u00e3o do novo Hospital Universit\u00e1rio do Cear\u00e1, no bairro Itaperi, como parte das medidas da Plataforma de Moderniza\u00e7\u00e3o da Sa\u00fade. O hospital vai ocupar uma \u00e1rea de 75 mil metros quadrados (m\u00b2) e ter\u00e1 mais de 650 leitos de interna\u00e7\u00e3o, composto por um edif\u00edcio principal de tr\u00eas torres (cl\u00ednica, cir\u00fargica e materno-infantil). O evento vai ser transmitido ao vivo pelas redes sociais do&hellip;<\/p>\n","protected":false},"author":1,"featured_media":19915,"comment_status":"open","ping_status":"open","sticky":false,"template":"","format":"standard","meta":{"footnotes":""},"categories":[1],"tags":[],"class_list":["post-19914","post","type-post","status-publish","format-standard","has-post-thumbnail","hentry","category-noticias"],"_links":{"self":[{"href":"https:\/\/blogdorogeriogomes.com.br\/noticias\/wp-json\/wp\/v2\/posts\/19914","targetHints":{"allow":["GET"]}}],"collection":[{"href":"https:\/\/blogdorogeriogomes.com.br\/noticias\/wp-json\/wp\/v2\/posts"}],"about":[{"href":"https:\/\/blogdorogeriogomes.com.br\/noticias\/wp-json\/wp\/v2\/types\/post"}],"author":[{"embeddable":true,"href":"https:\/\/blogdorogeriogomes.com.br\/noticias\/wp-json\/wp\/v2\/users\/1"}],"replies":[{"embeddable":true,"href":"https:\/\/blogdorogeriogomes.com.br\/noticias\/wp-json\/wp\/v2\/comments?post=19914"}],"version-history":[{"count":1,"href":"https:\/\/blogdorogeriogomes.com.br\/noticias\/wp-json\/wp\/v2\/posts\/19914\/revisions"}],"predecessor-version":[{"id":19916,"href":"https:\/\/blogdorogeriogomes.com.br\/noticias\/wp-json\/wp\/v2\/posts\/19914\/revisions\/19916"}],"wp:featuredmedia":[{"embeddable":true,"href":"https:\/\/blogdorogeriogomes.com.br\/noticias\/wp-json\/wp\/v2\/media\/19915"}],"wp:attachment":[{"href":"https:\/\/blogdorogeriogomes.com.br\/noticias\/wp-json\/wp\/v2\/media?parent=19914"}],"wp:term":[{"taxonomy":"category","embeddable":true,"href":"https:\/\/blogdorogeriogomes.com.br\/noticias\/wp-json\/wp\/v2\/categories?post=19914"},{"taxonomy":"post_tag","embeddable":true,"href":"https:\/\/blogdorogeriogomes.com.br\/noticias\/wp-json\/wp\/v2\/tags?post=19914"}],"curies":[{"name":"wp","href":"https:\/\/api.w.org\/{rel}","templated":true}]}}