{"id":19917,"date":"2021-01-27T09:50:43","date_gmt":"2021-01-27T09:50:43","guid":{"rendered":"https:\/\/blogdorogeriogomes.com.br\/?p=19917"},"modified":"2021-01-28T16:50:32","modified_gmt":"2021-01-28T16:50:32","slug":"tcu-da-prazo-para-que-eduardo-pazuello-de-explicacoes-sobre-gastos-do-governo-federal-com-cloroquina","status":"publish","type":"post","link":"https:\/\/blogdorogeriogomes.com.br\/noticias\/2021\/01\/tcu-da-prazo-para-que-eduardo-pazuello-de-explicacoes-sobre-gastos-do-governo-federal-com-cloroquina\/","title":{"rendered":"TCU d\u00e1 prazo para que Eduardo Pazuello d\u00ea explica\u00e7\u00f5es sobre gastos do Governo Federal com Cloroquina"},"content":{"rendered":"\n<p>O Tribunal de Contas da Uni\u00e3o (TCU) apontou ilegalidade no uso de recursos do Sistema \u00danico de Sa\u00fade (SUS) para o fornecimento de cloroquina no tratamento de pacientes com Covid-19 e deu cinco dias para o Minist\u00e9rio da Sa\u00fade apresentar explica\u00e7\u00f5es sobre os gastos com um rem\u00e9dio cientificamente sem efic\u00e1cia no enfrentamento da pandemia.<\/p>\n\n\n\n<p>O ministro Eduardo Pazuello precisa justificar a distribui\u00e7\u00e3o do medicamento Cloroquina, que n\u00e3o possui efic\u00e1cia comprovada contra a Covid-19, com recursos do Sistema \u00danico de Sa\u00fade (SUS) para pacientes atendidos em hospitais p\u00fablicos.&nbsp;<\/p>\n\n\n\n<p>O TCU tamb\u00e9m cobra explica\u00e7\u00f5es sobre quem foi respons\u00e1vel pelo aplicativo TrateCov, que, antes de sair do ar, receitava o medicamento e outros sem comprova\u00e7\u00e3o indiscriminadamente.&nbsp;<\/p>\n\n\n\n<p>O Minist\u00e9rio da Sa\u00fade gastou em m\u00e9dia R$ 4.200 com passagens a\u00e9reas e di\u00e1rias de cada um dos m\u00e9dicos que enviou a Manaus para fazer rondas em UBSs e incentivar os profissionais de sa\u00fade a utilizar rem\u00e9dios sem efic\u00e1cia comprovada contra a Covid-19, como cloroquina. <\/p>\n\n\n\n<p>Convidada pela m\u00e9dica cearense Mayra Pinheiro, secret\u00e1ria colocada por Eduardo Pazuello para comandar as a\u00e7\u00f5es da pasta em Manaus, a for\u00e7a-tarefa agiu no dia 11 de janeiro na Capital amazonense.<\/p>\n\n\n\n<figure class=\"wp-block-image size-large\"><img loading=\"lazy\" decoding=\"async\" width=\"679\" height=\"451\" src=\"https:\/\/blogdorogeriogomes.com.br\/wp-content\/uploads\/2021\/01\/images-4-4.jpeg\" alt=\"\" class=\"wp-image-19918\" srcset=\"https:\/\/blogdorogeriogomes.com.br\/noticias\/wp-content\/uploads\/2021\/01\/images-4-4.jpeg 679w, https:\/\/blogdorogeriogomes.com.br\/noticias\/wp-content\/uploads\/2021\/01\/images-4-4-300x199.jpeg 300w\" sizes=\"auto, (max-width: 679px) 100vw, 679px\" \/><\/figure>\n","protected":false},"excerpt":{"rendered":"<p>O Tribunal de Contas da Uni\u00e3o (TCU) apontou ilegalidade no uso de recursos do Sistema \u00danico de Sa\u00fade (SUS) para o fornecimento de cloroquina no tratamento de pacientes com Covid-19 e deu cinco dias para o Minist\u00e9rio da Sa\u00fade apresentar explica\u00e7\u00f5es sobre os gastos com um rem\u00e9dio cientificamente sem efic\u00e1cia no enfrentamento da pandemia. O ministro Eduardo Pazuello precisa justificar a distribui\u00e7\u00e3o do medicamento Cloroquina, que n\u00e3o possui efic\u00e1cia comprovada contra a Covid-19, com recursos do Sistema \u00danico de&hellip;<\/p>\n","protected":false},"author":1,"featured_media":19918,"comment_status":"open","ping_status":"open","sticky":false,"template":"","format":"standard","meta":{"footnotes":""},"categories":[1],"tags":[],"class_list":["post-19917","post","type-post","status-publish","format-standard","has-post-thumbnail","hentry","category-noticias"],"_links":{"self":[{"href":"https:\/\/blogdorogeriogomes.com.br\/noticias\/wp-json\/wp\/v2\/posts\/19917","targetHints":{"allow":["GET"]}}],"collection":[{"href":"https:\/\/blogdorogeriogomes.com.br\/noticias\/wp-json\/wp\/v2\/posts"}],"about":[{"href":"https:\/\/blogdorogeriogomes.com.br\/noticias\/wp-json\/wp\/v2\/types\/post"}],"author":[{"embeddable":true,"href":"https:\/\/blogdorogeriogomes.com.br\/noticias\/wp-json\/wp\/v2\/users\/1"}],"replies":[{"embeddable":true,"href":"https:\/\/blogdorogeriogomes.com.br\/noticias\/wp-json\/wp\/v2\/comments?post=19917"}],"version-history":[{"count":2,"href":"https:\/\/blogdorogeriogomes.com.br\/noticias\/wp-json\/wp\/v2\/posts\/19917\/revisions"}],"predecessor-version":[{"id":19940,"href":"https:\/\/blogdorogeriogomes.com.br\/noticias\/wp-json\/wp\/v2\/posts\/19917\/revisions\/19940"}],"wp:featuredmedia":[{"embeddable":true,"href":"https:\/\/blogdorogeriogomes.com.br\/noticias\/wp-json\/wp\/v2\/media\/19918"}],"wp:attachment":[{"href":"https:\/\/blogdorogeriogomes.com.br\/noticias\/wp-json\/wp\/v2\/media?parent=19917"}],"wp:term":[{"taxonomy":"category","embeddable":true,"href":"https:\/\/blogdorogeriogomes.com.br\/noticias\/wp-json\/wp\/v2\/categories?post=19917"},{"taxonomy":"post_tag","embeddable":true,"href":"https:\/\/blogdorogeriogomes.com.br\/noticias\/wp-json\/wp\/v2\/tags?post=19917"}],"curies":[{"name":"wp","href":"https:\/\/api.w.org\/{rel}","templated":true}]}}