{"id":19920,"date":"2021-01-27T10:09:28","date_gmt":"2021-01-27T10:09:28","guid":{"rendered":"https:\/\/blogdorogeriogomes.com.br\/?p=19920"},"modified":"2021-01-28T16:50:17","modified_gmt":"2021-01-28T16:50:17","slug":"vereador-julio-brizzi-sera-lider-do-pdt-na-camara-municipal-de-fortaleza","status":"publish","type":"post","link":"https:\/\/blogdorogeriogomes.com.br\/noticias\/2021\/01\/vereador-julio-brizzi-sera-lider-do-pdt-na-camara-municipal-de-fortaleza\/","title":{"rendered":"Vereador Julio Brizzi ser\u00e1 l\u00edder do PDT na C\u00e2mara Municipal de Fortaleza"},"content":{"rendered":"\n<p>Terceiro vereador mais votado da Capital, Julio Brizzi (PDT) deve ser anunciado como l\u00edder do PDT na C\u00e2mara Municipal de Fortaleza (CMF). O parlamentar foi destaque nas urnas e tamb\u00e9m no trabalho realizado \u00e0 frente da Coordenadoria de Juventude do munic\u00edpio durante a gest\u00e3o Roberto Cl\u00e1udio.<\/p>\n\n\n\n<p>Advogado e militante pelos direitos da juventude, Brizzi iniciou sua trajet\u00f3ria pol\u00edtica em movimentos estudantis na Universidade Federal do Cear\u00e1 (UFC). Ap\u00f3s passagem pelo comando da Superintend\u00eancia do Trabalho e Emprego do Cear\u00e1, liderou a Juventude da Capital, per\u00edodo marcado pela amplia\u00e7\u00e3o da Rede Cuca e por projetos socioculturais.<\/p>\n\n\n\n<p>No \u00faltimo pleito, recebeu 16.424 votos para vereador e \u00e9 visto como promissora lideran\u00e7a pol\u00edtica no campo progressista de Fortaleza.<\/p>\n\n\n\n<figure class=\"wp-block-image size-large\"><img loading=\"lazy\" decoding=\"async\" width=\"540\" height=\"353\" src=\"https:\/\/blogdorogeriogomes.com.br\/wp-content\/uploads\/2021\/01\/images-7-2.jpeg\" alt=\"\" class=\"wp-image-19921\" srcset=\"https:\/\/blogdorogeriogomes.com.br\/noticias\/wp-content\/uploads\/2021\/01\/images-7-2.jpeg 540w, https:\/\/blogdorogeriogomes.com.br\/noticias\/wp-content\/uploads\/2021\/01\/images-7-2-300x196.jpeg 300w\" sizes=\"auto, (max-width: 540px) 100vw, 540px\" \/><\/figure>\n","protected":false},"excerpt":{"rendered":"<p>Terceiro vereador mais votado da Capital, Julio Brizzi (PDT) deve ser anunciado como l\u00edder do PDT na C\u00e2mara Municipal de Fortaleza (CMF). O parlamentar foi destaque nas urnas e tamb\u00e9m no trabalho realizado \u00e0 frente da Coordenadoria de Juventude do munic\u00edpio durante a gest\u00e3o Roberto Cl\u00e1udio. Advogado e militante pelos direitos da juventude, Brizzi iniciou sua trajet\u00f3ria pol\u00edtica em movimentos estudantis na Universidade Federal do Cear\u00e1 (UFC). Ap\u00f3s passagem pelo comando da Superintend\u00eancia do Trabalho e Emprego do Cear\u00e1,&hellip;<\/p>\n","protected":false},"author":1,"featured_media":19921,"comment_status":"open","ping_status":"open","sticky":false,"template":"","format":"standard","meta":{"footnotes":""},"categories":[1],"tags":[],"class_list":["post-19920","post","type-post","status-publish","format-standard","has-post-thumbnail","hentry","category-noticias"],"_links":{"self":[{"href":"https:\/\/blogdorogeriogomes.com.br\/noticias\/wp-json\/wp\/v2\/posts\/19920","targetHints":{"allow":["GET"]}}],"collection":[{"href":"https:\/\/blogdorogeriogomes.com.br\/noticias\/wp-json\/wp\/v2\/posts"}],"about":[{"href":"https:\/\/blogdorogeriogomes.com.br\/noticias\/wp-json\/wp\/v2\/types\/post"}],"author":[{"embeddable":true,"href":"https:\/\/blogdorogeriogomes.com.br\/noticias\/wp-json\/wp\/v2\/users\/1"}],"replies":[{"embeddable":true,"href":"https:\/\/blogdorogeriogomes.com.br\/noticias\/wp-json\/wp\/v2\/comments?post=19920"}],"version-history":[{"count":1,"href":"https:\/\/blogdorogeriogomes.com.br\/noticias\/wp-json\/wp\/v2\/posts\/19920\/revisions"}],"predecessor-version":[{"id":19922,"href":"https:\/\/blogdorogeriogomes.com.br\/noticias\/wp-json\/wp\/v2\/posts\/19920\/revisions\/19922"}],"wp:featuredmedia":[{"embeddable":true,"href":"https:\/\/blogdorogeriogomes.com.br\/noticias\/wp-json\/wp\/v2\/media\/19921"}],"wp:attachment":[{"href":"https:\/\/blogdorogeriogomes.com.br\/noticias\/wp-json\/wp\/v2\/media?parent=19920"}],"wp:term":[{"taxonomy":"category","embeddable":true,"href":"https:\/\/blogdorogeriogomes.com.br\/noticias\/wp-json\/wp\/v2\/categories?post=19920"},{"taxonomy":"post_tag","embeddable":true,"href":"https:\/\/blogdorogeriogomes.com.br\/noticias\/wp-json\/wp\/v2\/tags?post=19920"}],"curies":[{"name":"wp","href":"https:\/\/api.w.org\/{rel}","templated":true}]}}