{"id":19923,"date":"2021-01-27T15:56:18","date_gmt":"2021-01-27T15:56:18","guid":{"rendered":"https:\/\/blogdorogeriogomes.com.br\/?p=19923"},"modified":"2021-01-28T16:49:55","modified_gmt":"2021-01-28T16:49:55","slug":"covid-19-seis-hospitais-estao-com-os-leitos-de-uti-lotados-em-fortaleza","status":"publish","type":"post","link":"https:\/\/blogdorogeriogomes.com.br\/noticias\/2021\/01\/covid-19-seis-hospitais-estao-com-os-leitos-de-uti-lotados-em-fortaleza\/","title":{"rendered":"Covid-19: seis hospitais est\u00e3o com os leitos de UTI lotados em Fortaleza"},"content":{"rendered":"\n<p>O cen\u00e1rio da Covid-19 em Fortaleza ainda apresenta aumento nos casos e maior ocupa\u00e7\u00e3o de Unidades de Terapia Intensiva (UTI). No momento, seis hospitais apresentam 100% dos leitos ocupados na Capital: Casa de Sa\u00fade e Maternidade S\u00e3o Raimundo, Hospital Dr. Waldemar Alc\u00e2ntara, Hospital Ant\u00f4nio Prudente, Hospital Otocl\u00ednica, Hospital Universit\u00e1rio Walter Cant\u00eddio e Hospital S\u00e3o Jos\u00e9 de Doen\u00e7as Infecciosas.<\/p>\n\n\n\n<p>Entre hospitais p\u00fablicos e privados,&nbsp; taxa de ocupa\u00e7\u00e3o atual das UTIs com casos de Covid-19 \u00e9 de 76,6%. Nos leitos destinados a adultos, o total \u00e9 de 81,72%. A UTI infantil est\u00e1 lotada em 66,67%. Os leitos de enfermaria apresentam 72,25% de ocupa\u00e7\u00e3o. A informa\u00e7\u00e3o foi divulgada pela Secretaria da Sa\u00fade do Estado (Sesa) por meio da plataforma IntegraSUS.<\/p>\n\n\n\n<p>O Cear\u00e1 registrou, at\u00e9 esta quarta-feira (27), 356.789 casos confirmados e 10.380 mortes em decorr\u00eancia do coronav\u00edrus. A taxa de letalidade \u00e9 de 2,8% no estado \u2013 o total de 283.539 pessoas j\u00e1 se recuperou da Covid-19.<\/p>\n\n\n\n<p>Existem 329 leitos ativos voltados para a pandemia em territ\u00f3rio cearense. H\u00e1 uma semana, o Governo do Cear\u00e1 anunciou a disponibiliza\u00e7\u00e3o de 211 novos leitos p\u00fablicos de UTI para atendimento exclusivo de Covid-19 em todas as regi\u00f5es.<\/p>\n\n\n\n<figure class=\"wp-block-image size-large\"><img loading=\"lazy\" decoding=\"async\" width=\"550\" height=\"309\" src=\"https:\/\/blogdorogeriogomes.com.br\/wp-content\/uploads\/2021\/01\/Leito-UTI.jpg\" alt=\"\" class=\"wp-image-19924\" srcset=\"https:\/\/blogdorogeriogomes.com.br\/noticias\/wp-content\/uploads\/2021\/01\/Leito-UTI.jpg 550w, https:\/\/blogdorogeriogomes.com.br\/noticias\/wp-content\/uploads\/2021\/01\/Leito-UTI-300x169.jpg 300w\" sizes=\"auto, (max-width: 550px) 100vw, 550px\" \/><\/figure>\n","protected":false},"excerpt":{"rendered":"<p>O cen\u00e1rio da Covid-19 em Fortaleza ainda apresenta aumento nos casos e maior ocupa\u00e7\u00e3o de Unidades de Terapia Intensiva (UTI). No momento, seis hospitais apresentam 100% dos leitos ocupados na Capital: Casa de Sa\u00fade e Maternidade S\u00e3o Raimundo, Hospital Dr. Waldemar Alc\u00e2ntara, Hospital Ant\u00f4nio Prudente, Hospital Otocl\u00ednica, Hospital Universit\u00e1rio Walter Cant\u00eddio e Hospital S\u00e3o Jos\u00e9 de Doen\u00e7as Infecciosas. Entre hospitais p\u00fablicos e privados,&nbsp; taxa de ocupa\u00e7\u00e3o atual das UTIs com casos de Covid-19 \u00e9 de 76,6%. Nos leitos destinados&hellip;<\/p>\n","protected":false},"author":1,"featured_media":19924,"comment_status":"open","ping_status":"open","sticky":false,"template":"","format":"standard","meta":{"footnotes":""},"categories":[1],"tags":[],"class_list":["post-19923","post","type-post","status-publish","format-standard","has-post-thumbnail","hentry","category-noticias"],"_links":{"self":[{"href":"https:\/\/blogdorogeriogomes.com.br\/noticias\/wp-json\/wp\/v2\/posts\/19923","targetHints":{"allow":["GET"]}}],"collection":[{"href":"https:\/\/blogdorogeriogomes.com.br\/noticias\/wp-json\/wp\/v2\/posts"}],"about":[{"href":"https:\/\/blogdorogeriogomes.com.br\/noticias\/wp-json\/wp\/v2\/types\/post"}],"author":[{"embeddable":true,"href":"https:\/\/blogdorogeriogomes.com.br\/noticias\/wp-json\/wp\/v2\/users\/1"}],"replies":[{"embeddable":true,"href":"https:\/\/blogdorogeriogomes.com.br\/noticias\/wp-json\/wp\/v2\/comments?post=19923"}],"version-history":[{"count":1,"href":"https:\/\/blogdorogeriogomes.com.br\/noticias\/wp-json\/wp\/v2\/posts\/19923\/revisions"}],"predecessor-version":[{"id":19925,"href":"https:\/\/blogdorogeriogomes.com.br\/noticias\/wp-json\/wp\/v2\/posts\/19923\/revisions\/19925"}],"wp:featuredmedia":[{"embeddable":true,"href":"https:\/\/blogdorogeriogomes.com.br\/noticias\/wp-json\/wp\/v2\/media\/19924"}],"wp:attachment":[{"href":"https:\/\/blogdorogeriogomes.com.br\/noticias\/wp-json\/wp\/v2\/media?parent=19923"}],"wp:term":[{"taxonomy":"category","embeddable":true,"href":"https:\/\/blogdorogeriogomes.com.br\/noticias\/wp-json\/wp\/v2\/categories?post=19923"},{"taxonomy":"post_tag","embeddable":true,"href":"https:\/\/blogdorogeriogomes.com.br\/noticias\/wp-json\/wp\/v2\/tags?post=19923"}],"curies":[{"name":"wp","href":"https:\/\/api.w.org\/{rel}","templated":true}]}}