{"id":19936,"date":"2021-01-28T09:54:27","date_gmt":"2021-01-28T09:54:27","guid":{"rendered":"https:\/\/blogdorogeriogomes.com.br\/?p=19936"},"modified":"2021-01-28T16:47:39","modified_gmt":"2021-01-28T16:47:39","slug":"conselho-de-etica-da-assembleia-arquiva-casos-envolvendo-deputados-osmar-baquit-leonardo-araujo-e-andre-fernandes","status":"publish","type":"post","link":"https:\/\/blogdorogeriogomes.com.br\/noticias\/2021\/01\/conselho-de-etica-da-assembleia-arquiva-casos-envolvendo-deputados-osmar-baquit-leonardo-araujo-e-andre-fernandes\/","title":{"rendered":"Conselho de \u00c9tica da Assembleia arquiva casos envolvendo deputados Osmar Baquit, Leonardo Ara\u00fajo e Andr\u00e9 Fernandes"},"content":{"rendered":"\n<p>O Conselho de \u00c9tica da Assembleia Legislativa do Cear\u00e1 arquivou os tr\u00eas processos por quebra de decoro parlamentar que ainda tramitavam na Casa desde o ano passado. As a\u00e7\u00f5es foram abertas contra os deputados estaduais Osmar Baquit (PDT), Leonardo Ara\u00fajo (MDB) e Andr\u00e9 Fernandes (Republicanos). <\/p>\n\n\n\n<p>O caso dos deputados Leonardo Ara\u00fajo (MDB) e Osmar Baquit (PDT) envolveu troca de insultos e acusa\u00e7\u00f5es no plen\u00e1rio, em mar\u00e7o de 2020. J\u00e1 Andr\u00e9 Fernandes (Republicanos), que j\u00e1 foi punido com 30 dias de suspens\u00e3o de mandato por acusa\u00e7\u00f5es falsas contra o colega Nezinho Farias, respondia por uma outra declara\u00e7\u00e3o falsa que o secret\u00e1rio da Sa\u00fade do Cear\u00e1,&nbsp;Dr. Cabeto, estaria fraudando atestados de \u00f3bitos para inflar os dados de \u00f3bitos por&nbsp;Covid-19&nbsp;no Estado.<\/p>\n\n\n\n<p>Relator dos processos, Guilherme Landim absolveu os colegas justificando arrependimento e mudan\u00e7a de conduta no caso dos deputados de MDB e PDT.<\/p>\n\n\n\n<figure class=\"wp-block-image size-large\"><img loading=\"lazy\" decoding=\"async\" width=\"1024\" height=\"576\" src=\"https:\/\/blogdorogeriogomes.com.br\/wp-content\/uploads\/2021\/01\/conselho-de-etica-1024x576.jpg\" alt=\"\" class=\"wp-image-19937\" srcset=\"https:\/\/blogdorogeriogomes.com.br\/noticias\/wp-content\/uploads\/2021\/01\/conselho-de-etica-1024x576.jpg 1024w, https:\/\/blogdorogeriogomes.com.br\/noticias\/wp-content\/uploads\/2021\/01\/conselho-de-etica-300x169.jpg 300w, https:\/\/blogdorogeriogomes.com.br\/noticias\/wp-content\/uploads\/2021\/01\/conselho-de-etica-768x432.jpg 768w, https:\/\/blogdorogeriogomes.com.br\/noticias\/wp-content\/uploads\/2021\/01\/conselho-de-etica-800x450.jpg 800w, https:\/\/blogdorogeriogomes.com.br\/noticias\/wp-content\/uploads\/2021\/01\/conselho-de-etica.jpg 1059w\" sizes=\"auto, (max-width: 1024px) 100vw, 1024px\" \/><\/figure>\n","protected":false},"excerpt":{"rendered":"<p>O Conselho de \u00c9tica da Assembleia Legislativa do Cear\u00e1 arquivou os tr\u00eas processos por quebra de decoro parlamentar que ainda tramitavam na Casa desde o ano passado. As a\u00e7\u00f5es foram abertas contra os deputados estaduais Osmar Baquit (PDT), Leonardo Ara\u00fajo (MDB) e Andr\u00e9 Fernandes (Republicanos). O caso dos deputados Leonardo Ara\u00fajo (MDB) e Osmar Baquit (PDT) envolveu troca de insultos e acusa\u00e7\u00f5es no plen\u00e1rio, em mar\u00e7o de 2020. J\u00e1 Andr\u00e9 Fernandes (Republicanos), que j\u00e1 foi punido com 30 dias&hellip;<\/p>\n","protected":false},"author":1,"featured_media":19937,"comment_status":"open","ping_status":"open","sticky":false,"template":"","format":"standard","meta":{"footnotes":""},"categories":[1],"tags":[],"class_list":["post-19936","post","type-post","status-publish","format-standard","has-post-thumbnail","hentry","category-noticias"],"_links":{"self":[{"href":"https:\/\/blogdorogeriogomes.com.br\/noticias\/wp-json\/wp\/v2\/posts\/19936","targetHints":{"allow":["GET"]}}],"collection":[{"href":"https:\/\/blogdorogeriogomes.com.br\/noticias\/wp-json\/wp\/v2\/posts"}],"about":[{"href":"https:\/\/blogdorogeriogomes.com.br\/noticias\/wp-json\/wp\/v2\/types\/post"}],"author":[{"embeddable":true,"href":"https:\/\/blogdorogeriogomes.com.br\/noticias\/wp-json\/wp\/v2\/users\/1"}],"replies":[{"embeddable":true,"href":"https:\/\/blogdorogeriogomes.com.br\/noticias\/wp-json\/wp\/v2\/comments?post=19936"}],"version-history":[{"count":2,"href":"https:\/\/blogdorogeriogomes.com.br\/noticias\/wp-json\/wp\/v2\/posts\/19936\/revisions"}],"predecessor-version":[{"id":19939,"href":"https:\/\/blogdorogeriogomes.com.br\/noticias\/wp-json\/wp\/v2\/posts\/19936\/revisions\/19939"}],"wp:featuredmedia":[{"embeddable":true,"href":"https:\/\/blogdorogeriogomes.com.br\/noticias\/wp-json\/wp\/v2\/media\/19937"}],"wp:attachment":[{"href":"https:\/\/blogdorogeriogomes.com.br\/noticias\/wp-json\/wp\/v2\/media?parent=19936"}],"wp:term":[{"taxonomy":"category","embeddable":true,"href":"https:\/\/blogdorogeriogomes.com.br\/noticias\/wp-json\/wp\/v2\/categories?post=19936"},{"taxonomy":"post_tag","embeddable":true,"href":"https:\/\/blogdorogeriogomes.com.br\/noticias\/wp-json\/wp\/v2\/tags?post=19936"}],"curies":[{"name":"wp","href":"https:\/\/api.w.org\/{rel}","templated":true}]}}