{"id":19941,"date":"2021-01-28T19:43:50","date_gmt":"2021-01-28T19:43:50","guid":{"rendered":"https:\/\/blogdorogeriogomes.com.br\/?p=19941"},"modified":"2021-02-01T12:22:46","modified_gmt":"2021-02-01T12:22:46","slug":"mais-de-48-mil-pessoas-ja-foram-vacinadas-no-ceara-todos-os-municipios-iniciaram-a-vacinacao","status":"publish","type":"post","link":"https:\/\/blogdorogeriogomes.com.br\/noticias\/2021\/01\/mais-de-48-mil-pessoas-ja-foram-vacinadas-no-ceara-todos-os-municipios-iniciaram-a-vacinacao\/","title":{"rendered":"Mais de 48 mil pessoas j\u00e1 foram vacinadas no Cear\u00e1. Todos os munic\u00edpios iniciaram a vacina\u00e7\u00e3o"},"content":{"rendered":"\n<p>O Cear\u00e1 superou a marca de 48 mil pessoas vacinadas contra a Covid-19 nesta semana. A informa\u00e7\u00e3o foi divulgada pela Secretaria da Sa\u00fade do Estado do Cear\u00e1 (Sesa), referente ao apurado at\u00e9 a \u00faltima quarta-feira, dia 27 de janeiro. Todos os munic\u00edpios cearenses j\u00e1 iniciaram a primeira etapa de imuniza\u00e7\u00e3o.<\/p>\n\n\n\n<p>A expectativa \u00e9 que o ritmo de vacina\u00e7\u00e3o se intensifique em Fortaleza, com aproximadamente 70 equipes visitando at\u00e9 2 mil lares por dia. At\u00e9 este domingo, dia 31, ser\u00e3o vacinados na Capital os trabalhadores da Sa\u00fade atuantes na linha de frente de combate \u00e0 pandemia. A aplica\u00e7\u00e3o das doses ocorre no Centro de Eventos e em hospitais.<\/p>\n\n\n\n<p>Localizada na microrregi\u00e3o do Baixo Jaguaribe a 202,3 km de Fortaleza, a cidade de Alto Santo \u00e9 a que possui o maior \u00edndice de doses recebidas aplicadas (57,7%). Guaramiranga aparece em segundo, com 56%, e Eus\u00e9bio em terceiro, com 53,94%.<\/p>\n\n\n\n<figure class=\"wp-block-image size-large\"><img loading=\"lazy\" decoding=\"async\" width=\"1024\" height=\"576\" src=\"https:\/\/blogdorogeriogomes.com.br\/wp-content\/uploads\/2021\/01\/vacinacao-fortaleza-centro-de-eventos-6-1024x576.jpg\" alt=\"\" class=\"wp-image-19942\" srcset=\"https:\/\/blogdorogeriogomes.com.br\/noticias\/wp-content\/uploads\/2021\/01\/vacinacao-fortaleza-centro-de-eventos-6-1024x576.jpg 1024w, https:\/\/blogdorogeriogomes.com.br\/noticias\/wp-content\/uploads\/2021\/01\/vacinacao-fortaleza-centro-de-eventos-6-300x169.jpg 300w, https:\/\/blogdorogeriogomes.com.br\/noticias\/wp-content\/uploads\/2021\/01\/vacinacao-fortaleza-centro-de-eventos-6-768x432.jpg 768w, https:\/\/blogdorogeriogomes.com.br\/noticias\/wp-content\/uploads\/2021\/01\/vacinacao-fortaleza-centro-de-eventos-6-800x450.jpg 800w, https:\/\/blogdorogeriogomes.com.br\/noticias\/wp-content\/uploads\/2021\/01\/vacinacao-fortaleza-centro-de-eventos-6.jpg 1080w\" sizes=\"auto, (max-width: 1024px) 100vw, 1024px\" \/><\/figure>\n","protected":false},"excerpt":{"rendered":"<p>O Cear\u00e1 superou a marca de 48 mil pessoas vacinadas contra a Covid-19 nesta semana. A informa\u00e7\u00e3o foi divulgada pela Secretaria da Sa\u00fade do Estado do Cear\u00e1 (Sesa), referente ao apurado at\u00e9 a \u00faltima quarta-feira, dia 27 de janeiro. Todos os munic\u00edpios cearenses j\u00e1 iniciaram a primeira etapa de imuniza\u00e7\u00e3o. A expectativa \u00e9 que o ritmo de vacina\u00e7\u00e3o se intensifique em Fortaleza, com aproximadamente 70 equipes visitando at\u00e9 2 mil lares por dia. At\u00e9 este domingo, dia 31, ser\u00e3o&hellip;<\/p>\n","protected":false},"author":1,"featured_media":19942,"comment_status":"open","ping_status":"open","sticky":false,"template":"","format":"standard","meta":{"footnotes":""},"categories":[1],"tags":[],"class_list":["post-19941","post","type-post","status-publish","format-standard","has-post-thumbnail","hentry","category-noticias"],"_links":{"self":[{"href":"https:\/\/blogdorogeriogomes.com.br\/noticias\/wp-json\/wp\/v2\/posts\/19941","targetHints":{"allow":["GET"]}}],"collection":[{"href":"https:\/\/blogdorogeriogomes.com.br\/noticias\/wp-json\/wp\/v2\/posts"}],"about":[{"href":"https:\/\/blogdorogeriogomes.com.br\/noticias\/wp-json\/wp\/v2\/types\/post"}],"author":[{"embeddable":true,"href":"https:\/\/blogdorogeriogomes.com.br\/noticias\/wp-json\/wp\/v2\/users\/1"}],"replies":[{"embeddable":true,"href":"https:\/\/blogdorogeriogomes.com.br\/noticias\/wp-json\/wp\/v2\/comments?post=19941"}],"version-history":[{"count":1,"href":"https:\/\/blogdorogeriogomes.com.br\/noticias\/wp-json\/wp\/v2\/posts\/19941\/revisions"}],"predecessor-version":[{"id":19943,"href":"https:\/\/blogdorogeriogomes.com.br\/noticias\/wp-json\/wp\/v2\/posts\/19941\/revisions\/19943"}],"wp:featuredmedia":[{"embeddable":true,"href":"https:\/\/blogdorogeriogomes.com.br\/noticias\/wp-json\/wp\/v2\/media\/19942"}],"wp:attachment":[{"href":"https:\/\/blogdorogeriogomes.com.br\/noticias\/wp-json\/wp\/v2\/media?parent=19941"}],"wp:term":[{"taxonomy":"category","embeddable":true,"href":"https:\/\/blogdorogeriogomes.com.br\/noticias\/wp-json\/wp\/v2\/categories?post=19941"},{"taxonomy":"post_tag","embeddable":true,"href":"https:\/\/blogdorogeriogomes.com.br\/noticias\/wp-json\/wp\/v2\/tags?post=19941"}],"curies":[{"name":"wp","href":"https:\/\/api.w.org\/{rel}","templated":true}]}}