{"id":19944,"date":"2021-01-28T19:58:36","date_gmt":"2021-01-28T19:58:36","guid":{"rendered":"https:\/\/blogdorogeriogomes.com.br\/?p=19944"},"modified":"2021-02-01T12:22:32","modified_gmt":"2021-02-01T12:22:32","slug":"com-protocolos-sanitarios-nova-mesa-diretora-da-assembleia-legislativa-toma-posse-na-segunda-feira","status":"publish","type":"post","link":"https:\/\/blogdorogeriogomes.com.br\/noticias\/2021\/01\/com-protocolos-sanitarios-nova-mesa-diretora-da-assembleia-legislativa-toma-posse-na-segunda-feira\/","title":{"rendered":"Com protocolos sanit\u00e1rios, nova Mesa Diretora da Assembleia Legislativa toma posse na segunda-feira"},"content":{"rendered":"\n<p>A Assembleia Legislativa do Cear\u00e1 realiza a cerim\u00f4nia de posse da nova composi\u00e7\u00e3o da Mesa Diretora na pr\u00f3xima segunda-feira, dia 1\u00ba de fevereiro. Para o evento solene, a Casa Legislativa definiu as medidas de seguran\u00e7a sanit\u00e1ria em decorr\u00eancia da pandemia de Covid-19.<\/p>\n\n\n\n<p>Apenas os deputados estaduais ter\u00e3o acesso ao Plen\u00e1rio para o in\u00edcio dos trabalhos, sem a presen\u00e7a de convidados ou assessores. Ap\u00f3s a posse, o governador Camilo Santana (PT) far\u00e1 a leitura da Mensagem Governamental de modo virtual.<\/p>\n\n\n\n<p>Na ocasi\u00e3o, o deputado Evandro Leit\u00e3o (PDT), na foto, assume a presid\u00eancia da AL-CE, ap\u00f3s ser eleito por unanimidade em dezembro do ano passado.<\/p>\n\n\n\n<p>A composi\u00e7\u00e3o da Mesa Diretora ser\u00e1 preenchida por: Fernando Santana (PT) \u2013 1\u00ba vice; Danniel Oliveira (MDB) \u2013 2\u00ba vice; Ant\u00f4nio Granja (PDT) \u2013 1\u00ba secret\u00e1rio; Audic Mota (PSB) \u2013 2\u00ba secret\u00e1rio; Erika Amorim (PSD) \u2013 3\u00ba secret\u00e1rio; Ap\u00f3stolo Luiz Henrique (PP) \u2013 4\u00ba secret\u00e1rio.<\/p>\n\n\n\n<figure class=\"wp-block-image size-large\"><img loading=\"lazy\" decoding=\"async\" width=\"960\" height=\"640\" src=\"https:\/\/blogdorogeriogomes.com.br\/wp-content\/uploads\/2021\/01\/WhatsApp-Image-2020-12-08-at-13.01.56.jpeg\" alt=\"\" class=\"wp-image-19945\" srcset=\"https:\/\/blogdorogeriogomes.com.br\/noticias\/wp-content\/uploads\/2021\/01\/WhatsApp-Image-2020-12-08-at-13.01.56.jpeg 960w, https:\/\/blogdorogeriogomes.com.br\/noticias\/wp-content\/uploads\/2021\/01\/WhatsApp-Image-2020-12-08-at-13.01.56-300x200.jpeg 300w, https:\/\/blogdorogeriogomes.com.br\/noticias\/wp-content\/uploads\/2021\/01\/WhatsApp-Image-2020-12-08-at-13.01.56-768x512.jpeg 768w, https:\/\/blogdorogeriogomes.com.br\/noticias\/wp-content\/uploads\/2021\/01\/WhatsApp-Image-2020-12-08-at-13.01.56-800x533.jpeg 800w\" sizes=\"auto, (max-width: 960px) 100vw, 960px\" \/><\/figure>\n","protected":false},"excerpt":{"rendered":"<p>A Assembleia Legislativa do Cear\u00e1 realiza a cerim\u00f4nia de posse da nova composi\u00e7\u00e3o da Mesa Diretora na pr\u00f3xima segunda-feira, dia 1\u00ba de fevereiro. Para o evento solene, a Casa Legislativa definiu as medidas de seguran\u00e7a sanit\u00e1ria em decorr\u00eancia da pandemia de Covid-19. Apenas os deputados estaduais ter\u00e3o acesso ao Plen\u00e1rio para o in\u00edcio dos trabalhos, sem a presen\u00e7a de convidados ou assessores. Ap\u00f3s a posse, o governador Camilo Santana (PT) far\u00e1 a leitura da Mensagem Governamental de modo virtual.&hellip;<\/p>\n","protected":false},"author":1,"featured_media":19945,"comment_status":"open","ping_status":"open","sticky":false,"template":"","format":"standard","meta":{"footnotes":""},"categories":[1],"tags":[],"class_list":["post-19944","post","type-post","status-publish","format-standard","has-post-thumbnail","hentry","category-noticias"],"_links":{"self":[{"href":"https:\/\/blogdorogeriogomes.com.br\/noticias\/wp-json\/wp\/v2\/posts\/19944","targetHints":{"allow":["GET"]}}],"collection":[{"href":"https:\/\/blogdorogeriogomes.com.br\/noticias\/wp-json\/wp\/v2\/posts"}],"about":[{"href":"https:\/\/blogdorogeriogomes.com.br\/noticias\/wp-json\/wp\/v2\/types\/post"}],"author":[{"embeddable":true,"href":"https:\/\/blogdorogeriogomes.com.br\/noticias\/wp-json\/wp\/v2\/users\/1"}],"replies":[{"embeddable":true,"href":"https:\/\/blogdorogeriogomes.com.br\/noticias\/wp-json\/wp\/v2\/comments?post=19944"}],"version-history":[{"count":1,"href":"https:\/\/blogdorogeriogomes.com.br\/noticias\/wp-json\/wp\/v2\/posts\/19944\/revisions"}],"predecessor-version":[{"id":19946,"href":"https:\/\/blogdorogeriogomes.com.br\/noticias\/wp-json\/wp\/v2\/posts\/19944\/revisions\/19946"}],"wp:featuredmedia":[{"embeddable":true,"href":"https:\/\/blogdorogeriogomes.com.br\/noticias\/wp-json\/wp\/v2\/media\/19945"}],"wp:attachment":[{"href":"https:\/\/blogdorogeriogomes.com.br\/noticias\/wp-json\/wp\/v2\/media?parent=19944"}],"wp:term":[{"taxonomy":"category","embeddable":true,"href":"https:\/\/blogdorogeriogomes.com.br\/noticias\/wp-json\/wp\/v2\/categories?post=19944"},{"taxonomy":"post_tag","embeddable":true,"href":"https:\/\/blogdorogeriogomes.com.br\/noticias\/wp-json\/wp\/v2\/tags?post=19944"}],"curies":[{"name":"wp","href":"https:\/\/api.w.org\/{rel}","templated":true}]}}