{"id":19950,"date":"2021-01-29T09:52:56","date_gmt":"2021-01-29T09:52:56","guid":{"rendered":"https:\/\/blogdorogeriogomes.com.br\/?p=19950"},"modified":"2021-02-01T12:22:19","modified_gmt":"2021-02-01T12:22:19","slug":"camilo-santana-formaliza-nova-compra-de-doses-da-coronavac-ao-instituto-butantan","status":"publish","type":"post","link":"https:\/\/blogdorogeriogomes.com.br\/noticias\/2021\/01\/camilo-santana-formaliza-nova-compra-de-doses-da-coronavac-ao-instituto-butantan\/","title":{"rendered":"Camilo Santana formaliza nova compra de doses da CoronaVac ao Instituto Butantan"},"content":{"rendered":"\n<p>O Cear\u00e1 segue como o terceiro estado do Nordeste que mais aplicou doses das vacinas contra a Covid-19. O estado j\u00e1 vacinou 68.738 pessoas e ficou atr\u00e1s da Bahia (137.732) e de Pernambuco (75.552) na regi\u00e3o. O n\u00famero de vacinados no Cear\u00e1 representa 0,75% da popula\u00e7\u00e3o do estado, de pouco mais de 9,1 milh\u00f5es de habitantes. Ou seja, ainda h\u00e1 um longo caminho para garantir a vacina para toda a popula\u00e7\u00e3o.<\/p>\n\n\n\n<p>Em n\u00edvel federal, o Minist\u00e9rio da Sa\u00fade continua a passos lentos para garantir mais doses da vacina. Bolsonaro atrasa pareceres t\u00e9cnicos e n\u00e3o define prazos para o pagamento das vacinas. O Instituto Butantan, respons\u00e1vel pela produ\u00e7\u00e3o da vacina CoronaVac, amea\u00e7a deixar as negocia\u00e7\u00f5es com o Minist\u00e9rio e partir para uma comercializa\u00e7\u00e3o diretamente com os estados.<\/p>\n\n\n\n<p>Nesta quinta-feira, dia 28 de janeiro, o governador do Cear\u00e1, Camilo Santana, formalizou junto ao Instituto Butantan o interesse em adquirir mais doses da vacina CoronaVac. S\u00f3 descansarei quando todos o cearenses estiverem imunizados&#8221;, disse o governador.<\/p>\n\n\n\n<figure class=\"wp-block-image size-large\"><img loading=\"lazy\" decoding=\"async\" width=\"739\" height=\"415\" src=\"https:\/\/blogdorogeriogomes.com.br\/wp-content\/uploads\/2021\/01\/images-1-5.jpeg\" alt=\"\" class=\"wp-image-19951\" srcset=\"https:\/\/blogdorogeriogomes.com.br\/noticias\/wp-content\/uploads\/2021\/01\/images-1-5.jpeg 739w, https:\/\/blogdorogeriogomes.com.br\/noticias\/wp-content\/uploads\/2021\/01\/images-1-5-300x168.jpeg 300w\" sizes=\"auto, (max-width: 739px) 100vw, 739px\" \/><\/figure>\n","protected":false},"excerpt":{"rendered":"<p>O Cear\u00e1 segue como o terceiro estado do Nordeste que mais aplicou doses das vacinas contra a Covid-19. O estado j\u00e1 vacinou 68.738 pessoas e ficou atr\u00e1s da Bahia (137.732) e de Pernambuco (75.552) na regi\u00e3o. O n\u00famero de vacinados no Cear\u00e1 representa 0,75% da popula\u00e7\u00e3o do estado, de pouco mais de 9,1 milh\u00f5es de habitantes. Ou seja, ainda h\u00e1 um longo caminho para garantir a vacina para toda a popula\u00e7\u00e3o. Em n\u00edvel federal, o Minist\u00e9rio da Sa\u00fade continua&hellip;<\/p>\n","protected":false},"author":1,"featured_media":19951,"comment_status":"open","ping_status":"open","sticky":false,"template":"","format":"standard","meta":{"footnotes":""},"categories":[1],"tags":[],"class_list":["post-19950","post","type-post","status-publish","format-standard","has-post-thumbnail","hentry","category-noticias"],"_links":{"self":[{"href":"https:\/\/blogdorogeriogomes.com.br\/noticias\/wp-json\/wp\/v2\/posts\/19950","targetHints":{"allow":["GET"]}}],"collection":[{"href":"https:\/\/blogdorogeriogomes.com.br\/noticias\/wp-json\/wp\/v2\/posts"}],"about":[{"href":"https:\/\/blogdorogeriogomes.com.br\/noticias\/wp-json\/wp\/v2\/types\/post"}],"author":[{"embeddable":true,"href":"https:\/\/blogdorogeriogomes.com.br\/noticias\/wp-json\/wp\/v2\/users\/1"}],"replies":[{"embeddable":true,"href":"https:\/\/blogdorogeriogomes.com.br\/noticias\/wp-json\/wp\/v2\/comments?post=19950"}],"version-history":[{"count":1,"href":"https:\/\/blogdorogeriogomes.com.br\/noticias\/wp-json\/wp\/v2\/posts\/19950\/revisions"}],"predecessor-version":[{"id":19952,"href":"https:\/\/blogdorogeriogomes.com.br\/noticias\/wp-json\/wp\/v2\/posts\/19950\/revisions\/19952"}],"wp:featuredmedia":[{"embeddable":true,"href":"https:\/\/blogdorogeriogomes.com.br\/noticias\/wp-json\/wp\/v2\/media\/19951"}],"wp:attachment":[{"href":"https:\/\/blogdorogeriogomes.com.br\/noticias\/wp-json\/wp\/v2\/media?parent=19950"}],"wp:term":[{"taxonomy":"category","embeddable":true,"href":"https:\/\/blogdorogeriogomes.com.br\/noticias\/wp-json\/wp\/v2\/categories?post=19950"},{"taxonomy":"post_tag","embeddable":true,"href":"https:\/\/blogdorogeriogomes.com.br\/noticias\/wp-json\/wp\/v2\/tags?post=19950"}],"curies":[{"name":"wp","href":"https:\/\/api.w.org\/{rel}","templated":true}]}}