{"id":19953,"date":"2021-01-29T10:03:19","date_gmt":"2021-01-29T10:03:19","guid":{"rendered":"https:\/\/blogdorogeriogomes.com.br\/?p=19953"},"modified":"2021-02-01T12:22:05","modified_gmt":"2021-02-01T12:22:05","slug":"nova-presidente-do-tribunal-de-justica-do-ceara-nailde-pinheiro-toma-posse-nesta-sexta-feira","status":"publish","type":"post","link":"https:\/\/blogdorogeriogomes.com.br\/noticias\/2021\/01\/nova-presidente-do-tribunal-de-justica-do-ceara-nailde-pinheiro-toma-posse-nesta-sexta-feira\/","title":{"rendered":"Nova presidente do Tribunal de Justi\u00e7a do Cear\u00e1, Nailde Pinheiro, toma posse nesta sexta-feira"},"content":{"rendered":"\n<p>Nesta sexta-feira, dia 29 de janeiro, ser\u00e1 realizada a primeira posse totalmente virtual dos novos dirigentes da Justi\u00e7a Estadual para o bi\u00eanio 2021\/2023. A solenidade ser\u00e1 transmitida ao vivo pelo canal do Tribunal de Justi\u00e7a do Cear\u00e1, no YouTube, possibilitando o acompanhamento de todos os interessados.<\/p>\n\n\n\n<p>A sess\u00e3o virtual ser\u00e1 conduzida pelo presidente da Corte, desembargador Washington Ara\u00fajo. Na oportunidade, a desembargadora Nailde Pinheiro Nogueira, atual vice, tomar\u00e1 posse no cargo de presidente do Tribunal. A magistrada ser\u00e1 a terceira mulher a ocupar o maior posto do Judici\u00e1rio cearense. J\u00e1 na Vice-Presid\u00eancia assumir\u00e1 o desembargador Abelardo Benevides Moraes e, na Corregedoria-Geral da Justi\u00e7a, o desembargador Paulo Airton Albuquerque Filho.<\/p>\n\n\n\n<figure class=\"wp-block-image size-large\"><img loading=\"lazy\" decoding=\"async\" width=\"500\" height=\"330\" src=\"https:\/\/blogdorogeriogomes.com.br\/wp-content\/uploads\/2021\/01\/images-2-5.jpeg\" alt=\"\" class=\"wp-image-19954\" srcset=\"https:\/\/blogdorogeriogomes.com.br\/noticias\/wp-content\/uploads\/2021\/01\/images-2-5.jpeg 500w, https:\/\/blogdorogeriogomes.com.br\/noticias\/wp-content\/uploads\/2021\/01\/images-2-5-300x198.jpeg 300w\" sizes=\"auto, (max-width: 500px) 100vw, 500px\" \/><\/figure>\n","protected":false},"excerpt":{"rendered":"<p>Nesta sexta-feira, dia 29 de janeiro, ser\u00e1 realizada a primeira posse totalmente virtual dos novos dirigentes da Justi\u00e7a Estadual para o bi\u00eanio 2021\/2023. A solenidade ser\u00e1 transmitida ao vivo pelo canal do Tribunal de Justi\u00e7a do Cear\u00e1, no YouTube, possibilitando o acompanhamento de todos os interessados. A sess\u00e3o virtual ser\u00e1 conduzida pelo presidente da Corte, desembargador Washington Ara\u00fajo. Na oportunidade, a desembargadora Nailde Pinheiro Nogueira, atual vice, tomar\u00e1 posse no cargo de presidente do Tribunal. A magistrada ser\u00e1 a&hellip;<\/p>\n","protected":false},"author":1,"featured_media":19954,"comment_status":"open","ping_status":"open","sticky":false,"template":"","format":"standard","meta":{"footnotes":""},"categories":[1],"tags":[],"class_list":["post-19953","post","type-post","status-publish","format-standard","has-post-thumbnail","hentry","category-noticias"],"_links":{"self":[{"href":"https:\/\/blogdorogeriogomes.com.br\/noticias\/wp-json\/wp\/v2\/posts\/19953","targetHints":{"allow":["GET"]}}],"collection":[{"href":"https:\/\/blogdorogeriogomes.com.br\/noticias\/wp-json\/wp\/v2\/posts"}],"about":[{"href":"https:\/\/blogdorogeriogomes.com.br\/noticias\/wp-json\/wp\/v2\/types\/post"}],"author":[{"embeddable":true,"href":"https:\/\/blogdorogeriogomes.com.br\/noticias\/wp-json\/wp\/v2\/users\/1"}],"replies":[{"embeddable":true,"href":"https:\/\/blogdorogeriogomes.com.br\/noticias\/wp-json\/wp\/v2\/comments?post=19953"}],"version-history":[{"count":1,"href":"https:\/\/blogdorogeriogomes.com.br\/noticias\/wp-json\/wp\/v2\/posts\/19953\/revisions"}],"predecessor-version":[{"id":19955,"href":"https:\/\/blogdorogeriogomes.com.br\/noticias\/wp-json\/wp\/v2\/posts\/19953\/revisions\/19955"}],"wp:featuredmedia":[{"embeddable":true,"href":"https:\/\/blogdorogeriogomes.com.br\/noticias\/wp-json\/wp\/v2\/media\/19954"}],"wp:attachment":[{"href":"https:\/\/blogdorogeriogomes.com.br\/noticias\/wp-json\/wp\/v2\/media?parent=19953"}],"wp:term":[{"taxonomy":"category","embeddable":true,"href":"https:\/\/blogdorogeriogomes.com.br\/noticias\/wp-json\/wp\/v2\/categories?post=19953"},{"taxonomy":"post_tag","embeddable":true,"href":"https:\/\/blogdorogeriogomes.com.br\/noticias\/wp-json\/wp\/v2\/tags?post=19953"}],"curies":[{"name":"wp","href":"https:\/\/api.w.org\/{rel}","templated":true}]}}