{"id":19956,"date":"2021-01-29T20:07:00","date_gmt":"2021-01-29T20:07:00","guid":{"rendered":"https:\/\/blogdorogeriogomes.com.br\/?p=19956"},"modified":"2021-02-01T12:21:50","modified_gmt":"2021-02-01T12:21:50","slug":"centro-cirurgico-em-hospital-de-fortaleza-e-interditado-pela-vigilancia-sanitaria-do-estado","status":"publish","type":"post","link":"https:\/\/blogdorogeriogomes.com.br\/noticias\/2021\/01\/centro-cirurgico-em-hospital-de-fortaleza-e-interditado-pela-vigilancia-sanitaria-do-estado\/","title":{"rendered":"Centro cir\u00fargico em hospital de Fortaleza \u00e9 interditado pela Vigil\u00e2ncia Sanit\u00e1ria do Estado"},"content":{"rendered":"\n<p>A Vigil\u00e2ncia Sanit\u00e1ria do Estado do Cear\u00e1 interditou, na \u00faltima quinta-feira, dia 28 de janeiro, o centro cir\u00fargico do Hospital Gastrocl\u00ednica, em Fortaleza. A a\u00e7\u00e3o ocorreu depois que 12 profissionais do setor foram internados, ao longo de duas semanas, em Unidades de Terapia Intensiva (UTI) com Covid-19.<\/p>\n\n\n\n<p>De acordo com a Secretaria da Sa\u00fade do Estado do Cear\u00e1 (Sesa), a interdi\u00e7\u00e3o ser\u00e1 por 20 dias, com cirurgias eletivas suspensas e apenas as de emerg\u00eancia mantidas. A Vigil\u00e2ncia Sanit\u00e1ria trabalha, junto ao departamento de sa\u00fade do trabalhador, para investigar as causas do adoecimento e se realmente existe conex\u00e3o entre a causa e as condi\u00e7\u00f5es de trabalho dos funcion\u00e1rios. Ainda segundo a Sesa, o hospital pode ter falhado na ado\u00e7\u00e3o de protocolos sanit\u00e1rios.<\/p>\n\n\n\n<p>Em nota, a Gastrocl\u00ednica afirma que n\u00e3o h\u00e1 nenhuma interdi\u00e7\u00e3o do centro cir\u00fargico e que , diante do aumento dos casos da Covid-19, foram redobradas as medidas preventivas de seguran\u00e7a. A administra\u00e7\u00e3o do hospital tamb\u00e9m garantiu que foi realizada a vacina\u00e7\u00e3o dos profissionais da sua linha de frente. Contudo, a Sesa listou em nota s\u00e9rie de irregularidades e infra\u00e7\u00f5es sanit\u00e1rias identificadas na unidade hospitalar privada.<\/p>\n\n\n\n<figure class=\"wp-block-image size-large\"><img loading=\"lazy\" decoding=\"async\" width=\"1024\" height=\"576\" src=\"https:\/\/blogdorogeriogomes.com.br\/wp-content\/uploads\/2021\/01\/Centro-cirurgico-1024x576.jpg\" alt=\"\" class=\"wp-image-19957\" srcset=\"https:\/\/blogdorogeriogomes.com.br\/noticias\/wp-content\/uploads\/2021\/01\/Centro-cirurgico-1024x576.jpg 1024w, https:\/\/blogdorogeriogomes.com.br\/noticias\/wp-content\/uploads\/2021\/01\/Centro-cirurgico-300x169.jpg 300w, https:\/\/blogdorogeriogomes.com.br\/noticias\/wp-content\/uploads\/2021\/01\/Centro-cirurgico-768x432.jpg 768w, https:\/\/blogdorogeriogomes.com.br\/noticias\/wp-content\/uploads\/2021\/01\/Centro-cirurgico-800x450.jpg 800w, https:\/\/blogdorogeriogomes.com.br\/noticias\/wp-content\/uploads\/2021\/01\/Centro-cirurgico.jpg 1037w\" sizes=\"auto, (max-width: 1024px) 100vw, 1024px\" \/><\/figure>\n","protected":false},"excerpt":{"rendered":"<p>A Vigil\u00e2ncia Sanit\u00e1ria do Estado do Cear\u00e1 interditou, na \u00faltima quinta-feira, dia 28 de janeiro, o centro cir\u00fargico do Hospital Gastrocl\u00ednica, em Fortaleza. A a\u00e7\u00e3o ocorreu depois que 12 profissionais do setor foram internados, ao longo de duas semanas, em Unidades de Terapia Intensiva (UTI) com Covid-19. De acordo com a Secretaria da Sa\u00fade do Estado do Cear\u00e1 (Sesa), a interdi\u00e7\u00e3o ser\u00e1 por 20 dias, com cirurgias eletivas suspensas e apenas as de emerg\u00eancia mantidas. A Vigil\u00e2ncia Sanit\u00e1ria trabalha,&hellip;<\/p>\n","protected":false},"author":1,"featured_media":19957,"comment_status":"open","ping_status":"open","sticky":false,"template":"","format":"standard","meta":{"footnotes":""},"categories":[1],"tags":[],"class_list":["post-19956","post","type-post","status-publish","format-standard","has-post-thumbnail","hentry","category-noticias"],"_links":{"self":[{"href":"https:\/\/blogdorogeriogomes.com.br\/noticias\/wp-json\/wp\/v2\/posts\/19956","targetHints":{"allow":["GET"]}}],"collection":[{"href":"https:\/\/blogdorogeriogomes.com.br\/noticias\/wp-json\/wp\/v2\/posts"}],"about":[{"href":"https:\/\/blogdorogeriogomes.com.br\/noticias\/wp-json\/wp\/v2\/types\/post"}],"author":[{"embeddable":true,"href":"https:\/\/blogdorogeriogomes.com.br\/noticias\/wp-json\/wp\/v2\/users\/1"}],"replies":[{"embeddable":true,"href":"https:\/\/blogdorogeriogomes.com.br\/noticias\/wp-json\/wp\/v2\/comments?post=19956"}],"version-history":[{"count":1,"href":"https:\/\/blogdorogeriogomes.com.br\/noticias\/wp-json\/wp\/v2\/posts\/19956\/revisions"}],"predecessor-version":[{"id":19958,"href":"https:\/\/blogdorogeriogomes.com.br\/noticias\/wp-json\/wp\/v2\/posts\/19956\/revisions\/19958"}],"wp:featuredmedia":[{"embeddable":true,"href":"https:\/\/blogdorogeriogomes.com.br\/noticias\/wp-json\/wp\/v2\/media\/19957"}],"wp:attachment":[{"href":"https:\/\/blogdorogeriogomes.com.br\/noticias\/wp-json\/wp\/v2\/media?parent=19956"}],"wp:term":[{"taxonomy":"category","embeddable":true,"href":"https:\/\/blogdorogeriogomes.com.br\/noticias\/wp-json\/wp\/v2\/categories?post=19956"},{"taxonomy":"post_tag","embeddable":true,"href":"https:\/\/blogdorogeriogomes.com.br\/noticias\/wp-json\/wp\/v2\/tags?post=19956"}],"curies":[{"name":"wp","href":"https:\/\/api.w.org\/{rel}","templated":true}]}}